{"id":39839,"date":"2023-05-22T11:23:00","date_gmt":"2023-05-22T14:23:00","guid":{"rendered":"https:\/\/www.radiopresidenteibanez.cl\/web\/?p=39839"},"modified":"2023-05-22T15:11:07","modified_gmt":"2023-05-22T18:11:07","slug":"senador-kusanovic-solicito-a-obras-publicas-aumentar-recursos-para-acelerear-el-termino-de-la-ruta-vicuna-yendegaia","status":"publish","type":"post","link":"https:\/\/www.radiopresidenteibanez.cl\/web\/senador-kusanovic-solicito-a-obras-publicas-aumentar-recursos-para-acelerear-el-termino-de-la-ruta-vicuna-yendegaia\/","title":{"rendered":"SENADOR KUSANOVIC SOLICITO A OBRAS PUBLICAS AUMENTAR RECURSOS PARA ACELERAR EL TERMINO DE LA RUTA VICU\u00d1A &#8211; YENDEGAIA"},"content":{"rendered":"\n<p>A trav\u00e9s de un oficio dirigido a la Ministra de Obras P\u00fablicas, Jessica L\u00f3pez, el senador<br>Alejandro Kusanovic solicito la factibilidad presupuestaria de aumentar los recursos al<br>convenio suscrito entre la Direcci\u00f3n de Vialidad y el Cuerpo Militar del Ej\u00e9rcito para<br>acelerar la construcci\u00f3n del camino Vicu\u00f1a-Yendegaia.<br>El legislador, quien viajo hasta la comuna de Timaukel en el mes de abril para recorrer la<br>ruta, explic\u00f3 que \u201cde recibir m\u00e1s recursos para esta obra, que se encuentra actualmente<br>en ejecuci\u00f3n en la Provincia de Tierra del Fuego, agilizar\u00eda los tiempos previstos para<br>concretar la ruta trazada, dada la importancia de \u00e9sta para la soberan\u00eda nacional y dar<br>t\u00e9rmino a las obras de conectividad m\u00e1s importante de la regi\u00f3n que tiene una proyecci\u00f3n<br>de finalizaci\u00f3n de 10 a\u00f1os, que podr\u00eda disminuir un par de tener m\u00e1s personal<br>trabajando\u201d. Afirmando que \u201ccontar con un presupuesto extra permitir\u00eda contratar m\u00e1s<br>trabajadores que reemplazar\u00edan a los que est\u00e1n con sus d\u00edas de descanso y as\u00ed acelerar en<br>un 33% las obras de esta ruta estrategica\u201d.<br>Kusanovic destaco su importancia y llam\u00f3 a las autoridades a \u201cdar prioridad a esta obra de<br>estrategia geopol\u00edtica y de seguridad nacional\u201d. En ese sentido, manifest\u00f3 que \u201cexiste hoy<br>un tiempo muerto de ejecuci\u00f3n ya que el personal destinado a las obras cumple con un rol<br>de 20 d\u00edas trabajados por 10 d\u00edas de descanso mensuales, lo que merma en un 33% el<br>avance y desarrollo de la ruta.<br>Finalmente, el senador agreg\u00f3 que \u201cel t\u00e9rmino anticipado de la ruta no solo permitir\u00eda<br>aminorar el aislamiento territorial de sus habitantes, sino que adem\u00e1s promover\u00e1 el<br>desarrollo econ\u00f3mico de la regi\u00f3n dado el incalculable valor tur\u00edstico que tiene la ruta<br>hacia el fin del mundo\u201d.<\/p>\n","protected":false},"excerpt":{"rendered":"<p>A trav\u00e9s de un oficio dirigido a la Ministra de Obras P\u00fablicas, Jessica L\u00f3pez, el senadorAlejandro Kusanovic solicito la factibilidad presupuestaria de aumentar los recursos alconvenio suscrito entre la Direcci\u00f3n&#8230; <a class=\"read-more\" href=\"https:\/\/www.radiopresidenteibanez.cl\/web\/senador-kusanovic-solicito-a-obras-publicas-aumentar-recursos-para-acelerear-el-termino-de-la-ruta-vicuna-yendegaia\/\">Leer m\u00e1s<\/a><\/p>\n","protected":false},"author":2,"featured_media":39840,"comment_status":"closed","ping_status":"closed","sticky":false,"template":"","format":"standard","meta":{"footnotes":""},"categories":[1],"tags":[],"class_list":["post-39839","post","type-post","status-publish","format-standard","has-post-thumbnail","hentry","category-cronica"],"_links":{"self":[{"href":"https:\/\/www.radiopresidenteibanez.cl\/web\/wp-json\/wp\/v2\/posts\/39839","targetHints":{"allow":["GET"]}}],"collection":[{"href":"https:\/\/www.radiopresidenteibanez.cl\/web\/wp-json\/wp\/v2\/posts"}],"about":[{"href":"https:\/\/www.radiopresidenteibanez.cl\/web\/wp-json\/wp\/v2\/types\/post"}],"author":[{"embeddable":true,"href":"https:\/\/www.radiopresidenteibanez.cl\/web\/wp-json\/wp\/v2\/users\/2"}],"replies":[{"embeddable":true,"href":"https:\/\/www.radiopresidenteibanez.cl\/web\/wp-json\/wp\/v2\/comments?post=39839"}],"version-history":[{"count":0,"href":"https:\/\/www.radiopresidenteibanez.cl\/web\/wp-json\/wp\/v2\/posts\/39839\/revisions"}],"wp:featuredmedia":[{"embeddable":true,"href":"https:\/\/www.radiopresidenteibanez.cl\/web\/wp-json\/wp\/v2\/media\/39840"}],"wp:attachment":[{"href":"https:\/\/www.radiopresidenteibanez.cl\/web\/wp-json\/wp\/v2\/media?parent=39839"}],"wp:term":[{"taxonomy":"category","embeddable":true,"href":"https:\/\/www.radiopresidenteibanez.cl\/web\/wp-json\/wp\/v2\/categories?post=39839"},{"taxonomy":"post_tag","embeddable":true,"href":"https:\/\/www.radiopresidenteibanez.cl\/web\/wp-json\/wp\/v2\/tags?post=39839"}],"curies":[{"name":"wp","href":"https:\/\/api.w.org\/{rel}","templated":true}]}}