{"id":39833,"date":"2023-05-22T09:21:00","date_gmt":"2023-05-22T12:21:00","guid":{"rendered":"https:\/\/www.radiopresidenteibanez.cl\/web\/?p=39833"},"modified":"2023-05-22T08:34:33","modified_gmt":"2023-05-22T11:34:33","slug":"con-toda-honestidad-y-con-la-mente-fria-renegamos-de-cualquier-color-y-a-todas-las-divisas-cantan-los-prisioneros","status":"publish","type":"post","link":"https:\/\/www.radiopresidenteibanez.cl\/web\/con-toda-honestidad-y-con-la-mente-fria-renegamos-de-cualquier-color-y-a-todas-las-divisas-cantan-los-prisioneros\/","title":{"rendered":"\u00ab..Con toda honestidad y con la mente fr\u00eda renegamos de cualquier color y a todas las divisas..\u00bb cantan Los Prisioneros"},"content":{"rendered":"\n<p>Personalmente pienso que no hay patrones buenos. Todos ellos, sin excepci\u00f3n, tienen como base al instalar sus negocios obtener la mayor de las utilidades y para ello no hay ning\u00fana consideraci\u00f3n alguna. Si algo pasa y deben hacer ajustes para el logro de sus metas, pues bajar\u00e1n costos y esa rebaja siempre estar\u00e1 vinculada a los trabajadores y los pocos derechos que estos tienen.<br>\u00bfQue son generosos cuando hay alguna fiesta de connotaci\u00f3n nacional como las fiestas patrias o el fin de a\u00f1o? No lo son porque quieren que sus trabajadores tengan una buena festividad, solo buscan que los mismos no se rebelen porque no les dan aguinaldos o estos son peque\u00f1os, o que no haya reclamos por que los bajos bajos sueldos no ser\u00e1n pagados a tiempo.<br>No es cierto que somos una gran familia en la empresa, ni tampoco lo es la frasecita esa que \u00abcuando perdemos lo hacemos todos y cuando ganamos tambi\u00e9n\u00bb. En una familia siempre hay preocupaci\u00f3n por el bienestar de quienes la integran, se trata de buscar soluci\u00f3n a los problemas que la afectan.<br>En la empresa lo \u00fanico que importa es que el trabajador produzca a su m\u00e1xima capacidad, \u00bfsus problemas? deber\u00e1 resolverlos \u00e9l para eso se le paga un sueldo.<br>Cuando la empresa gana no hay una bonificaci\u00f3n especial, ni se hace parte a los trabajadores de la distribuci\u00f3n de las ganancias. Si la empresa pierde lo que suceder\u00e1 ser\u00e1 que disminuyen puestos de trabajo o se imponen rebajas arbitrarias.<\/p>\n\n\n\n<p>2.- Los trabajadores deben tener claro que el \u00fanico instrumento para que haya algo de equilibrio en la relaci\u00f3n con la empresa, es tener un sindicato.<br>El sindicato es la familia, nuestro segundo hogar. Ah\u00ed podemos acordar que pedir para mejorar condiciones y c\u00f3mo defender esas peticiones. Solo con el sindicato seremos capaces de tener una relaci\u00f3n de respeto y tambi\u00e9n de exigencias con la empresa.<br>As\u00ed es que ya est\u00e1 bueno de seguir desunidos, hay que vencer los miedos y hacer organizaci\u00f3n.<\/p>\n","protected":false},"excerpt":{"rendered":"<p>Personalmente pienso que no hay patrones buenos. Todos ellos, sin excepci\u00f3n, tienen como base al instalar sus negocios obtener la mayor de las utilidades y para ello no hay ning\u00fana&#8230; <a class=\"read-more\" href=\"https:\/\/www.radiopresidenteibanez.cl\/web\/con-toda-honestidad-y-con-la-mente-fria-renegamos-de-cualquier-color-y-a-todas-las-divisas-cantan-los-prisioneros\/\">Leer m\u00e1s<\/a><\/p>\n","protected":false},"author":2,"featured_media":39834,"comment_status":"closed","ping_status":"closed","sticky":false,"template":"","format":"standard","meta":{"footnotes":""},"categories":[1],"tags":[],"class_list":["post-39833","post","type-post","status-publish","format-standard","has-post-thumbnail","hentry","category-cronica"],"_links":{"self":[{"href":"https:\/\/www.radiopresidenteibanez.cl\/web\/wp-json\/wp\/v2\/posts\/39833","targetHints":{"allow":["GET"]}}],"collection":[{"href":"https:\/\/www.radiopresidenteibanez.cl\/web\/wp-json\/wp\/v2\/posts"}],"about":[{"href":"https:\/\/www.radiopresidenteibanez.cl\/web\/wp-json\/wp\/v2\/types\/post"}],"author":[{"embeddable":true,"href":"https:\/\/www.radiopresidenteibanez.cl\/web\/wp-json\/wp\/v2\/users\/2"}],"replies":[{"embeddable":true,"href":"https:\/\/www.radiopresidenteibanez.cl\/web\/wp-json\/wp\/v2\/comments?post=39833"}],"version-history":[{"count":0,"href":"https:\/\/www.radiopresidenteibanez.cl\/web\/wp-json\/wp\/v2\/posts\/39833\/revisions"}],"wp:featuredmedia":[{"embeddable":true,"href":"https:\/\/www.radiopresidenteibanez.cl\/web\/wp-json\/wp\/v2\/media\/39834"}],"wp:attachment":[{"href":"https:\/\/www.radiopresidenteibanez.cl\/web\/wp-json\/wp\/v2\/media?parent=39833"}],"wp:term":[{"taxonomy":"category","embeddable":true,"href":"https:\/\/www.radiopresidenteibanez.cl\/web\/wp-json\/wp\/v2\/categories?post=39833"},{"taxonomy":"post_tag","embeddable":true,"href":"https:\/\/www.radiopresidenteibanez.cl\/web\/wp-json\/wp\/v2\/tags?post=39833"}],"curies":[{"name":"wp","href":"https:\/\/api.w.org\/{rel}","templated":true}]}}