{"id":3982,"date":"2019-05-07T15:45:25","date_gmt":"2019-05-07T15:45:25","guid":{"rendered":"http:\/\/www.radiopresidenteibanez.cl\/web\/?p=3982"},"modified":"2019-05-07T15:45:44","modified_gmt":"2019-05-07T15:45:44","slug":"punta-arenas-sigue-siendo-la-capital-regional-con-mejor-calidad-de-vida-del-pais","status":"publish","type":"post","link":"https:\/\/www.radiopresidenteibanez.cl\/web\/punta-arenas-sigue-siendo-la-capital-regional-con-mejor-calidad-de-vida-del-pais\/","title":{"rendered":"PUNTA ARENAS SIGUE SIENDO LA CAPITAL REGIONAL CON MEJOR CALIDAD DE VIDA DEL PA\u00cdS"},"content":{"rendered":"\n<p>\n\nCasi 3,3 millones de personas viven en comunas que se ubican en el rango superior del \u00cdndice de Calidad de Vida Urbana (ICVU), estudio elaborado por la C\u00e1mara Chilena de la Construcci\u00f3n (CChC) y el Instituto de Estudios Urbanos y Territoriales de la Universidad Cat\u00f3lica de Chile (UC), cuya versi\u00f3n 2019 fue presentada hoy en el marco de la Semana de la Construcci\u00f3n que el gremio organiza anualmente.<br>Este a\u00f1o, de las 99 comunas analizadas, 19 fueron las mejor evaluadas: 9 de la Regi\u00f3n Metropolitana y 10 de otras regiones. Los primeros lugares los ocupan Vitacura, Las Condes, La Reina, Lo Barnechea, Providencia, \u00d1u\u00f1oa, Conc\u00f3n, Macul, Punta Arenas y Machal\u00ed.<\/p>\n\n\n\n<p>El \u00cdndice de Calidad de Vida Urbana (ICVU) es elaborado desde el a\u00f1o 2011 a partir de datos objetivos que se agrupan en seis dimensiones: Vivienda y entorno, Conectividad y movilidad, Salud y medio ambiente, Condiciones laborales, Condiciones socioculturales y Ambiente de negocios.<\/p>\n\n\n\n<p>Punta Arenas se ubica en el lugar n\u00famero 9 del ICVU 2019, misma posici\u00f3n que ocup\u00f3 el a\u00f1o pasado. Su puntaje total es de 61,79, lo que incluye variables como Condiciones Laborales (79,35), Ambiente de Negocios (37,71), Condiciones Socioculturales (72,33), Conectividad y Movilidad (61,18), Salud y Medio Ambiente (62,99), y Vivienda y Entorno (52,78).<\/p>\n\n\n\n<p>As\u00ed, de acuerdo al ICVU 2019, Punta Arenas es la capital regional con mejor calidad de vida del pa\u00eds. Sin embargo, este a\u00f1o en el ranking general es sobrepasada por la ciudad de Conc\u00f3n de la regi\u00f3n de Valpara\u00edso, que ocupa el lugar n\u00famero 7 (64,45).<\/p>\n\n\n\n<p>\u201cCon los datos expuestos por el ICVU es posible ayudar a focalizar tanto la inversi\u00f3n p\u00fablica como privada en las ciudades del pa\u00eds. En el ranking, Punta Arenas sigue estando en el top 10, lo cual es muy positivo, dado que nos mantenemos en el rango superior, es decir, alcanzamos un \u00edndice por sobre el promedio nacional m\u00e1s la media desviaci\u00f3n est\u00e1ndar. Adem\u00e1s, Punta Arenas es una capital regional, mientras que Conc\u00f3n es una comuna de un \u00e1rea metropolitana y su destino es esencialmente residencial y de ocio, por eso tiene ventajas respecto a esos indicadores\u201d, explica Nelson Mart\u00ednez, presidente del Comit\u00e9 de Vivienda la C\u00e1mara Chilena de la Construcci\u00f3n Punta Arenas.&nbsp;<\/p>\n\n\n\n<p><strong>PROPUESTAS DE LA CChC PARA MEJORAR LA CALIDAD DE VIDA URBANA<\/strong><\/p>\n\n\n\n<p>Considerando la importancia que hist\u00f3ricamente la C\u00e1mara Chilena de la Construcci\u00f3n le ha dado a la promoci\u00f3n de la calidad de la vida de las personas, el gerente de Estudios del gremio, Javier Hurtado, present\u00f3 cuatro propuestas del gremio que contribuir\u00eda a este importante objetivo:&nbsp;<br>1. &nbsp; &nbsp; Que las comunas, especialmente aquellas que se ubican en el rango inferior de calidad de vida urbana, generen planes de desarrollo que consideren, sobre todo, estrategias para atraer inversi\u00f3n tanto p\u00fablica como privada.<\/p>\n\n\n\n<p>2. &nbsp; &nbsp; Que, para allegar m\u00e1s recursos en especial a las comunas con menor calidad de vida urbana, la exenci\u00f3n del pago de contribuciones dependa solo del nivel de ingreso de las familias y que el Estado asuma este pago cuando estas no puedan hacerlo.&nbsp;<\/p>\n\n\n\n<p>3. &nbsp; &nbsp; Que se definan e implementen est\u00e1ndares urbanos m\u00ednimos para que, mediante el trabajo y la inversi\u00f3n conjunta del sector p\u00fablico y el privado, se disminuyan las brechas de calidad de vida urbana en todo el pa\u00eds.<\/p>\n\n\n\n<p>4. \u00a0 \u00a0 Que las comunas, por s\u00ed mismas o con el apoyo del gobierno central, manejen y gestionen un sistema de monitoreo sociodemogr\u00e1fico, de manera de anticipar las necesidades de sus habitantes y garantizarles una dotaci\u00f3n m\u00ednima de bienes y servicios. <\/p>\n\n\n\n<figure class=\"wp-block-image\"><img loading=\"lazy\" decoding=\"async\" width=\"1024\" height=\"540\" src=\"http:\/\/www.radiopresidenteibanez.cl\/web\/wp-content\/uploads\/2019\/01\/panoramica-punta-arenas-1024x540.jpg\" alt=\"\" class=\"wp-image-740\" srcset=\"https:\/\/www.radiopresidenteibanez.cl\/web\/wp-content\/uploads\/2019\/01\/panoramica-punta-arenas-1024x540.jpg 1024w, https:\/\/www.radiopresidenteibanez.cl\/web\/wp-content\/uploads\/2019\/01\/panoramica-punta-arenas-300x158.jpg 300w, https:\/\/www.radiopresidenteibanez.cl\/web\/wp-content\/uploads\/2019\/01\/panoramica-punta-arenas-768x405.jpg 768w, https:\/\/www.radiopresidenteibanez.cl\/web\/wp-content\/uploads\/2019\/01\/panoramica-punta-arenas.jpg 1440w\" sizes=\"auto, (max-width: 1024px) 100vw, 1024px\" \/><\/figure>\n","protected":false},"excerpt":{"rendered":"<p>Casi 3,3 millones de personas viven en comunas que se ubican en el rango superior del \u00cdndice de Calidad de Vida Urbana (ICVU), estudio elaborado por la C\u00e1mara Chilena de&#8230; <a class=\"read-more\" href=\"https:\/\/www.radiopresidenteibanez.cl\/web\/punta-arenas-sigue-siendo-la-capital-regional-con-mejor-calidad-de-vida-del-pais\/\">Leer m\u00e1s<\/a><\/p>\n","protected":false},"author":2,"featured_media":740,"comment_status":"closed","ping_status":"closed","sticky":false,"template":"","format":"standard","meta":{"footnotes":""},"categories":[1],"tags":[],"class_list":["post-3982","post","type-post","status-publish","format-standard","has-post-thumbnail","hentry","category-cronica"],"_links":{"self":[{"href":"https:\/\/www.radiopresidenteibanez.cl\/web\/wp-json\/wp\/v2\/posts\/3982","targetHints":{"allow":["GET"]}}],"collection":[{"href":"https:\/\/www.radiopresidenteibanez.cl\/web\/wp-json\/wp\/v2\/posts"}],"about":[{"href":"https:\/\/www.radiopresidenteibanez.cl\/web\/wp-json\/wp\/v2\/types\/post"}],"author":[{"embeddable":true,"href":"https:\/\/www.radiopresidenteibanez.cl\/web\/wp-json\/wp\/v2\/users\/2"}],"replies":[{"embeddable":true,"href":"https:\/\/www.radiopresidenteibanez.cl\/web\/wp-json\/wp\/v2\/comments?post=3982"}],"version-history":[{"count":0,"href":"https:\/\/www.radiopresidenteibanez.cl\/web\/wp-json\/wp\/v2\/posts\/3982\/revisions"}],"wp:featuredmedia":[{"embeddable":true,"href":"https:\/\/www.radiopresidenteibanez.cl\/web\/wp-json\/wp\/v2\/media\/740"}],"wp:attachment":[{"href":"https:\/\/www.radiopresidenteibanez.cl\/web\/wp-json\/wp\/v2\/media?parent=3982"}],"wp:term":[{"taxonomy":"category","embeddable":true,"href":"https:\/\/www.radiopresidenteibanez.cl\/web\/wp-json\/wp\/v2\/categories?post=3982"},{"taxonomy":"post_tag","embeddable":true,"href":"https:\/\/www.radiopresidenteibanez.cl\/web\/wp-json\/wp\/v2\/tags?post=3982"}],"curies":[{"name":"wp","href":"https:\/\/api.w.org\/{rel}","templated":true}]}}