{"id":39793,"date":"2023-05-19T10:22:00","date_gmt":"2023-05-19T13:22:00","guid":{"rendered":"https:\/\/www.radiopresidenteibanez.cl\/web\/?p=39793"},"modified":"2023-05-19T08:43:18","modified_gmt":"2023-05-19T11:43:18","slug":"ministro-coordinador-de-derechos-humanos-de-la-corte-suprema-mario-carroza-se-reunio-con-pleno-de-la-corte-suprema","status":"publish","type":"post","link":"https:\/\/www.radiopresidenteibanez.cl\/web\/ministro-coordinador-de-derechos-humanos-de-la-corte-suprema-mario-carroza-se-reunio-con-pleno-de-la-corte-suprema\/","title":{"rendered":"MINISTRO COORDINADOR DE DERECHOS HUMANOS DE LA CORTE SUPREMA MARIO CARROZA SE REUNIO CON PLENO DE LA CORTE SUPREMA"},"content":{"rendered":"\n<p>El ministro de la Corte Suprema y coordinador nacional de causas sobre violaciones a los Derechos<br>Humanos del Poder Judicial, Mario Carroza Espinosa sostuvo una reuni\u00f3n protocolar con el&nbsp; Pleno<br>de la Corte de Apelaciones de Punta Arenas, encabezado por la presidenta (s) Mar\u00eda Isabel San<br>Mart\u00edn, el ministro Marcos Kusanovic, el ministro suplente Luis \u00c1lvarez y el fiscal judicial Pablo<br>Mi\u00f1o.<br>\u201cFundamentalmente conversamos sobre temas de los derechos humanos, entregamos una<br>informaci\u00f3n a&nbsp; trav\u00e9s de un pendrive donde estaban los temas que estamos desarrollando este<br>a\u00f1o, que son varios,&nbsp; y cu\u00e1les eran los hitos, y a su vez estuvimos comentando algunos acuerdos<br>que adoptaba la Corte Suprema como Pleno y tambi\u00e9n la Corporaci\u00f3n Administrativa del Poder<br>Judicial, temas que interesan regionalmente como tambi\u00e9n a nivel nacional\u201d, dijo el ministro del<br>m\u00e1ximo tribunal.<br>Adem\u00e1s, el ministro Marcos Kusanovic -quien tiene dedicaci\u00f3n exclusiva en causas de Derechos<br>Humanos- junto a los funcionarios de su equipo sostuvo una reuni\u00f3n con el&nbsp; ministro Carroza,<br>donde lo puso al tanto de los avances de las 62 causas actualmente en tramitaci\u00f3n.<br>\u201cEl ministro Marcos Kusanovic, (a cargo desde el a\u00f1o pasado) ha avanzado bastante la unidad, la<br>gente que est\u00e1 dentro, los funcionarios han ido reflexionando, han ido cada vez adquiriendo m\u00e1s<br>conocimiento por lo tanto tambi\u00e9n est\u00e1n prepar\u00e1ndose mejor. Los procesos han ido disminuyendo<br>y, por lo tanto, est\u00e1n quedando aquellos que realmente tienen una cierta significaci\u00f3n. Me llevo<br>buena impresi\u00f3n\u201d, enfatiz\u00f3 el ministro Carroza.<br>Adem\u00e1s, el ministro tuvo una reuni\u00f3n de trabajo con el juez militar y auditor del 5\u00b0 Juzgado Militar<br>de Punta Arenas y el fiscal del ej\u00e9rcito de la ciudad. Tambi\u00e9n, estuvieron presentes el juez naval y<br>auditor del Juzgado Naval de la tercera Zona Naval, y fiscal de aviaci\u00f3n de la capital de Magallanes.<br>\u201cComo ministro visitador de las Fiscal\u00eda militar, de aviaci\u00f3n, y armada, estuve con ellos y pude<br>compartir alg\u00fan tipo de reflexiones con el prop\u00f3sito de avanzar en las investigaciones de manera<br>electr\u00f3nica, que haya una tramitaci\u00f3n electr\u00f3nica, y que puedan confluir tanto las diferentes<br>judicaturas con nosotros, con el Poder Judicial\u201d, finaliz\u00f3 el ministro coordinador nacional de causas<br>de Derechos Humanos.<\/p>\n","protected":false},"excerpt":{"rendered":"<p>El ministro de la Corte Suprema y coordinador nacional de causas sobre violaciones a los DerechosHumanos del Poder Judicial, Mario Carroza Espinosa sostuvo una reuni\u00f3n protocolar con el&nbsp; Plenode la&#8230; <a class=\"read-more\" href=\"https:\/\/www.radiopresidenteibanez.cl\/web\/ministro-coordinador-de-derechos-humanos-de-la-corte-suprema-mario-carroza-se-reunio-con-pleno-de-la-corte-suprema\/\">Leer m\u00e1s<\/a><\/p>\n","protected":false},"author":2,"featured_media":39794,"comment_status":"closed","ping_status":"closed","sticky":false,"template":"","format":"standard","meta":{"footnotes":""},"categories":[1],"tags":[],"class_list":["post-39793","post","type-post","status-publish","format-standard","has-post-thumbnail","hentry","category-cronica"],"_links":{"self":[{"href":"https:\/\/www.radiopresidenteibanez.cl\/web\/wp-json\/wp\/v2\/posts\/39793","targetHints":{"allow":["GET"]}}],"collection":[{"href":"https:\/\/www.radiopresidenteibanez.cl\/web\/wp-json\/wp\/v2\/posts"}],"about":[{"href":"https:\/\/www.radiopresidenteibanez.cl\/web\/wp-json\/wp\/v2\/types\/post"}],"author":[{"embeddable":true,"href":"https:\/\/www.radiopresidenteibanez.cl\/web\/wp-json\/wp\/v2\/users\/2"}],"replies":[{"embeddable":true,"href":"https:\/\/www.radiopresidenteibanez.cl\/web\/wp-json\/wp\/v2\/comments?post=39793"}],"version-history":[{"count":0,"href":"https:\/\/www.radiopresidenteibanez.cl\/web\/wp-json\/wp\/v2\/posts\/39793\/revisions"}],"wp:featuredmedia":[{"embeddable":true,"href":"https:\/\/www.radiopresidenteibanez.cl\/web\/wp-json\/wp\/v2\/media\/39794"}],"wp:attachment":[{"href":"https:\/\/www.radiopresidenteibanez.cl\/web\/wp-json\/wp\/v2\/media?parent=39793"}],"wp:term":[{"taxonomy":"category","embeddable":true,"href":"https:\/\/www.radiopresidenteibanez.cl\/web\/wp-json\/wp\/v2\/categories?post=39793"},{"taxonomy":"post_tag","embeddable":true,"href":"https:\/\/www.radiopresidenteibanez.cl\/web\/wp-json\/wp\/v2\/tags?post=39793"}],"curies":[{"name":"wp","href":"https:\/\/api.w.org\/{rel}","templated":true}]}}