{"id":39778,"date":"2023-05-18T16:49:00","date_gmt":"2023-05-18T19:49:00","guid":{"rendered":"https:\/\/www.radiopresidenteibanez.cl\/web\/?p=39778"},"modified":"2023-05-18T11:17:34","modified_gmt":"2023-05-18T14:17:34","slug":"slep-magallanes-trabaja-en-levantamiento-de-condiciones-de-infraestructura-de-establecimientos-educacionales-de-timaukel","status":"publish","type":"post","link":"https:\/\/www.radiopresidenteibanez.cl\/web\/slep-magallanes-trabaja-en-levantamiento-de-condiciones-de-infraestructura-de-establecimientos-educacionales-de-timaukel\/","title":{"rendered":"SLEP MAGALLANES TRABAJA EN LEVANTAMIENTO DE CONDICIONES DE INFRAESTRUCTURA DE ESTABLECIMIENTOS EDUCACIONALES DE TIMAUKEL"},"content":{"rendered":"\n<p>Para seguir avanzando en la instalaci\u00f3n del nuevo Servicio Local de Educaci\u00f3n P\u00fablica de Magallanes, la Jefa de Educaci\u00f3n Municipal de la comuna de Timaukel, Carolina Ibaceta, lleg\u00f3 hasta las oficinas institucionales para coordinar las acciones que permitan proyectar las principales necesidades en el mejoramiento de la infraestructura de las Escuelas \u201cIgnacio Carrera Pinto\u201d, \u201cPampa Guanaco\u201d y el Jard\u00edn infantil y Sala Cuna \u201cTolken Haru\u201d, los 3 establecimientos educacionales que pasar\u00e1n a formar parte de la nueva educaci\u00f3n p\u00fablica a partir del 1 de enero de 2024.<\/p>\n\n\n\n<p>La reuni\u00f3n con la subdirectora de la Unidad de Apoyo T\u00e9cnico Pedag\u00f3gico del SLEP Magallanes, Elizabeth Ar\u00e1nguiz, estableci\u00f3 para ello un calendario de visitas a la comuna de Timaukel para efectuar el levantamiento de las condiciones de infraestructura de dichos establecimientos.<\/p>\n\n\n\n<p>\u201cEste calendario de visitas nos permitir\u00e1 revisar, en terreno, las necesidades de mejoramiento de esas escuelas y el jard\u00edn infantil, visitas que tambi\u00e9n llevaremos a cabo al 100% de los establecimientos que formar\u00e1n parte del SLEP y en donde levantaremos un catastro de las condiciones de escuelas y jardines. Esa informaci\u00f3n ser\u00e1 indispensable para que el SLEP pueda elaborar un informe con el diagn\u00f3stico de la infraestructura escolar actual que visualice posibles proyectos de mejoramiento, recogiendo as\u00ed los requerimientos de las comunidades educativas en t\u00e9rminos de infraestructura escolar\u201d, acot\u00f3 la subdirectora UATP.<\/p>\n\n\n\n<p>Junto a lo anterior, el SLEP Magallanes se comprometi\u00f3 a continuar difundiendo los alcances del proceso de traspaso a profesores, asistentes de la educaci\u00f3n y funcionarios DAEM, as\u00ed como tambi\u00e9n de la propia comunidad educativa de la comuna de Timaukel, en jornadas de di\u00e1logo directo con el director ejecutivo del servicio, Mario Garc\u00eda Mart\u00ednez.<\/p>\n\n\n\n<p>De esta manera, el Servicio Local de Educaci\u00f3n P\u00fablica de Magallanes sigue dando cumplimiento a las disposiciones entregadas por la Ley 21.040, que establece la instalaci\u00f3n de los Servicios Locales de Educaci\u00f3n en nuestro pa\u00eds, proceso que permitir\u00e1 entregar y asegurar a ni\u00f1os, ni\u00f1as, j\u00f3venes y adultos una educaci\u00f3n de calidad y equidad.<\/p>\n\n\n\n<p>Finalmente, Elizabeth Ar\u00e1nguiz recalc\u00f3 el compromiso del SLEP Magallanes para apoyar la Pol\u00edtica de Reactivaci\u00f3n Educativa Integral \u201cSeamos Comunidad\u201d, abordaje que permitir\u00e1 desde ahora incidir para que las acciones de los establecimientos que ser\u00e1n traspasados a nuestro servicio local, trabajen en los 5 ejes de esta pol\u00edtica: convivencia, bienestar y salud mental; fortalecimiento y activaci\u00f3n de aprendizajes; revinculaci\u00f3n y garant\u00eda de trayectorias educativas; transformaci\u00f3n digital y conectividad; y por \u00faltimo al mejoramiento de la infraestructura de la educaci\u00f3n p\u00fablica.<\/p>\n","protected":false},"excerpt":{"rendered":"<p>Para seguir avanzando en la instalaci\u00f3n del nuevo Servicio Local de Educaci\u00f3n P\u00fablica de Magallanes, la Jefa de Educaci\u00f3n Municipal de la comuna de Timaukel, Carolina Ibaceta, lleg\u00f3 hasta las&#8230; <a class=\"read-more\" href=\"https:\/\/www.radiopresidenteibanez.cl\/web\/slep-magallanes-trabaja-en-levantamiento-de-condiciones-de-infraestructura-de-establecimientos-educacionales-de-timaukel\/\">Leer m\u00e1s<\/a><\/p>\n","protected":false},"author":2,"featured_media":39779,"comment_status":"closed","ping_status":"closed","sticky":false,"template":"","format":"standard","meta":{"footnotes":""},"categories":[1],"tags":[],"class_list":["post-39778","post","type-post","status-publish","format-standard","has-post-thumbnail","hentry","category-cronica"],"_links":{"self":[{"href":"https:\/\/www.radiopresidenteibanez.cl\/web\/wp-json\/wp\/v2\/posts\/39778","targetHints":{"allow":["GET"]}}],"collection":[{"href":"https:\/\/www.radiopresidenteibanez.cl\/web\/wp-json\/wp\/v2\/posts"}],"about":[{"href":"https:\/\/www.radiopresidenteibanez.cl\/web\/wp-json\/wp\/v2\/types\/post"}],"author":[{"embeddable":true,"href":"https:\/\/www.radiopresidenteibanez.cl\/web\/wp-json\/wp\/v2\/users\/2"}],"replies":[{"embeddable":true,"href":"https:\/\/www.radiopresidenteibanez.cl\/web\/wp-json\/wp\/v2\/comments?post=39778"}],"version-history":[{"count":0,"href":"https:\/\/www.radiopresidenteibanez.cl\/web\/wp-json\/wp\/v2\/posts\/39778\/revisions"}],"wp:featuredmedia":[{"embeddable":true,"href":"https:\/\/www.radiopresidenteibanez.cl\/web\/wp-json\/wp\/v2\/media\/39779"}],"wp:attachment":[{"href":"https:\/\/www.radiopresidenteibanez.cl\/web\/wp-json\/wp\/v2\/media?parent=39778"}],"wp:term":[{"taxonomy":"category","embeddable":true,"href":"https:\/\/www.radiopresidenteibanez.cl\/web\/wp-json\/wp\/v2\/categories?post=39778"},{"taxonomy":"post_tag","embeddable":true,"href":"https:\/\/www.radiopresidenteibanez.cl\/web\/wp-json\/wp\/v2\/tags?post=39778"}],"curies":[{"name":"wp","href":"https:\/\/api.w.org\/{rel}","templated":true}]}}