{"id":39775,"date":"2023-05-18T15:37:00","date_gmt":"2023-05-18T18:37:00","guid":{"rendered":"https:\/\/www.radiopresidenteibanez.cl\/web\/?p=39775"},"modified":"2023-05-18T10:42:39","modified_gmt":"2023-05-18T13:42:39","slug":"consejo-regional-de-seguridad-publica-aprueba-plan-de-seguridad-2023-para-magallanes","status":"publish","type":"post","link":"https:\/\/www.radiopresidenteibanez.cl\/web\/consejo-regional-de-seguridad-publica-aprueba-plan-de-seguridad-2023-para-magallanes\/","title":{"rendered":"CONSEJO REGIONAL DE SEGURIDAD PUBLICA APRUEBA PLAN DE SEGURIDAD 2023 PARA MAGALLANES"},"content":{"rendered":"\n<p>se realiz\u00f3 en Punta Arenas el primer Consejo Regional de Seguridad P\u00fablica de este a\u00f1o, en el<br>que se analizaron los principales problemas que enfrenta Magallanes en materia de delitos y<br>seguridad p\u00fablica, y se definieron las l\u00edneas de acci\u00f3n para este a\u00f1o con la aprobaci\u00f3n del Plan<br>Regional de Seguridad P\u00fablica 2023.<br>En la instancia, que fue presidida por el delegado presidencial regional, Jos\u00e9 Ruiz y donde la<br>coordinadora regional de Seguridad P\u00fablica, Carla Barrientos, act\u00faa como secretar\u00eda ejecutiva del<br>consejo, participaron alcaldes y alcaldesas de siete comunas de Magallanes, las jefaturas<br>regionales de ambas polic\u00edas, la fiscal\u00eda regional, seremis y directores de servicios p\u00fablicos, entre<br>otros.<br>La elaboraci\u00f3n del plan regional de seguridad tiene como base un diagn\u00f3stico previo de la<br>situaci\u00f3n de delitos, faltas e infracciones que afectan a la regi\u00f3n, el que se realiz\u00f3 tanto a partir del<br>an\u00e1lisis estad\u00edstico delictual como de una consulta comunal aplicada a nivel territorial en todos los<br>consejos comunales de seguridad p\u00fablica, donde plantearon sus principales preocupaciones en<br>materia de seguridad y prevenci\u00f3n.<br>Un componente relevante de este proceso de construcci\u00f3n del plan regional 2023 es la<br>participaci\u00f3n activa de los consejeros y consejeras, quienes, mediante un proceso de an\u00e1lisis y<br>discusi\u00f3n de los resultados del diagn\u00f3stico, deciden y validan a mano alzada la priorizaci\u00f3n de los<br>delitos en los que se focalizar\u00e1 el trabajo intersectorial.<br>As\u00ed, a partir del an\u00e1lisis estad\u00edstico y las consultas comunales, el Consejo Regional de Seguridad<br>P\u00fablica defini\u00f3 priorizar durante este a\u00f1o en el plan de seguridad dos delitos, una incivilidad y un<br>problema sociodelictual emergente, que en detalle son: abuso sexual y otros delitos sexuales;<br>infracci\u00f3n a la Ley 20.000; consumo de alcohol en la v\u00eda p\u00fablica y ebriedad, y violencia escolar.<br>Adicionalmente, se trabajar\u00e1 de manera transversal, y en todas las regiones del pa\u00eds, violencia<br>intrafamiliar.<br>El delegado presidencial regional, Jos\u00e9 Ruiz, manifest\u00f3 al t\u00e9rmino de la reuni\u00f3n que \u201cen esta<br>sesi\u00f3n del Consejo Regional de Seguridad P\u00fablica se dio a conocer el diagn\u00f3stico en la materia,<br>presentado por la coordinadora Carla Barrientos, y luego de manera interinstitucional, de forma<br>conjunta y participativa, priorizamos tres delitos, una incivilidad y un problema emergente, para la<br>elaboraci\u00f3n del Plan Regional de Seguridad P\u00fablica\u201d.<br>A\u00f1adi\u00f3 que \u201cdentro de los tres delitos a priorizar, ya hab\u00eda uno designado, que es transversal a la<br>pol\u00edtica del Gobierno, que es Violencia Intrafamiliar, y en com\u00fan acuerdo, que es algo que quiero<br>resaltar y valorar la presencia de las autoridades presentes, se prioriz\u00f3 abuso sexual y otros delitos<br>sexuales por la gravedad que contienen, e infracci\u00f3n a la Ley 20.000. Respecto a la Incivilidad, se<br>seleccion\u00f3 el consumo de alcohol en la v\u00eda p\u00fablica y ebriedad, considerando tambi\u00e9n que esto es<br>una puerta de entrada a otros delitos como lesiones y conducci\u00f3n en estado de ebriedad. En esto<br>nos colabor\u00f3 mucho los antecedentes de Carabineros de Chile. Y respecto al problema emergente,<\/p>\n\n\n\n<p>se priorizo la Violencia Escolar con perspectiva de g\u00e9nero, atendiendo la realidad regional\u201d, agreg\u00f3<br>la primera autoridad regional.<br>Finalmente, Ruiz destac\u00f3 que \u201cEl Presidente Gabriel Boric en m\u00faltiples instancias ha manifestado<br>que la seguridad es un tema central, que tiene que ser abordada desde todas sus dimensiones y de<br>manera conjunta, por eso nos hemos reunido todas las autoridades y definimos estas prioridades.<br>Igualmente quiero recalcar que esto no implica dejar de lado los otros delitos e incivilidades que se<br>registran en la regi\u00f3n\u201d.<br>Compromiso transversal<br>Tras el trabajo, y definidas las prioridades a abordar en la regi\u00f3n en materia de seguridad p\u00fablica y<br>prevenci\u00f3n, los miembros del consejo firmaron el \u201cCompromiso Estrat\u00e9gico Intersectorial por la<br>Seguridad y Prevenci\u00f3n del Delito de la Regi\u00f3n de Magallanes y de la Ant\u00e1rtica Chilena\u201d, en el que<br>se comprometen a trabajar de manera coordinada en la construcci\u00f3n y ejecuci\u00f3n de estrategias<br>intersectoriales para la prevenci\u00f3n de los delitos e incivilidades, as\u00ed como en la implementaci\u00f3n de<br>fuerzas de tarea p\u00fablico-privadas y la articulaci\u00f3n de los esfuerzos policiales preventivos en la<br>regi\u00f3n.<br>La coordinadora regional de Seguridad P\u00fablica, Carla Barrientos expres\u00f3 que \u201ctuvimos una jornada<br>de trabajo muy provechosa, donde las autoridades en conjunto analizaron y dialogaron sobre las<br>problem\u00e1ticas m\u00e1s relevantes de la regi\u00f3n, y nos comprometimos a trabajar en conjunto, porque<br>entendemos la seguridad y la prevenci\u00f3n del delito como una labor intersectorial\u201d, afirm\u00f3 la<br>representante regional de la Subsecretar\u00eda de Prevenci\u00f3n del Delito.<br>La implementaci\u00f3n del Plan Regional de Seguridad P\u00fablica de Magallanes se iniciar\u00e1 en junio,<br>incluyendo los planes de trabajo intersectorial y la implementaci\u00f3n de fuerzas de tarea p\u00fablico-<br>privadas para el trabajo preventivo espec\u00edfico en \u00e1reas priorizadas por la regi\u00f3n. La evaluaci\u00f3n de<br>sus avances e impactos, en tanto, se realizar\u00e1 en diciembre de este a\u00f1o.<\/p>\n","protected":false},"excerpt":{"rendered":"<p>se realiz\u00f3 en Punta Arenas el primer Consejo Regional de Seguridad P\u00fablica de este a\u00f1o, en elque se analizaron los principales problemas que enfrenta Magallanes en materia de delitos yseguridad&#8230; <a class=\"read-more\" href=\"https:\/\/www.radiopresidenteibanez.cl\/web\/consejo-regional-de-seguridad-publica-aprueba-plan-de-seguridad-2023-para-magallanes\/\">Leer m\u00e1s<\/a><\/p>\n","protected":false},"author":2,"featured_media":39776,"comment_status":"closed","ping_status":"closed","sticky":false,"template":"","format":"standard","meta":{"footnotes":""},"categories":[1],"tags":[],"class_list":["post-39775","post","type-post","status-publish","format-standard","has-post-thumbnail","hentry","category-cronica"],"_links":{"self":[{"href":"https:\/\/www.radiopresidenteibanez.cl\/web\/wp-json\/wp\/v2\/posts\/39775","targetHints":{"allow":["GET"]}}],"collection":[{"href":"https:\/\/www.radiopresidenteibanez.cl\/web\/wp-json\/wp\/v2\/posts"}],"about":[{"href":"https:\/\/www.radiopresidenteibanez.cl\/web\/wp-json\/wp\/v2\/types\/post"}],"author":[{"embeddable":true,"href":"https:\/\/www.radiopresidenteibanez.cl\/web\/wp-json\/wp\/v2\/users\/2"}],"replies":[{"embeddable":true,"href":"https:\/\/www.radiopresidenteibanez.cl\/web\/wp-json\/wp\/v2\/comments?post=39775"}],"version-history":[{"count":0,"href":"https:\/\/www.radiopresidenteibanez.cl\/web\/wp-json\/wp\/v2\/posts\/39775\/revisions"}],"wp:featuredmedia":[{"embeddable":true,"href":"https:\/\/www.radiopresidenteibanez.cl\/web\/wp-json\/wp\/v2\/media\/39776"}],"wp:attachment":[{"href":"https:\/\/www.radiopresidenteibanez.cl\/web\/wp-json\/wp\/v2\/media?parent=39775"}],"wp:term":[{"taxonomy":"category","embeddable":true,"href":"https:\/\/www.radiopresidenteibanez.cl\/web\/wp-json\/wp\/v2\/categories?post=39775"},{"taxonomy":"post_tag","embeddable":true,"href":"https:\/\/www.radiopresidenteibanez.cl\/web\/wp-json\/wp\/v2\/tags?post=39775"}],"curies":[{"name":"wp","href":"https:\/\/api.w.org\/{rel}","templated":true}]}}