{"id":39766,"date":"2023-05-18T12:37:00","date_gmt":"2023-05-18T15:37:00","guid":{"rendered":"https:\/\/www.radiopresidenteibanez.cl\/web\/?p=39766"},"modified":"2023-05-18T09:39:57","modified_gmt":"2023-05-18T12:39:57","slug":"umag-valoro-trabajo-colaborativo-realizado-en-la-estrategia-regional-de-desarrollo-aprobada-por-el-core","status":"publish","type":"post","link":"https:\/\/www.radiopresidenteibanez.cl\/web\/umag-valoro-trabajo-colaborativo-realizado-en-la-estrategia-regional-de-desarrollo-aprobada-por-el-core\/","title":{"rendered":"UMAG VALORO TRABAJO COLABORATIVO REALIZADO EN LA ESTRATEGIA REGIONAL DE DESARROLLO APROBADA POR EL CORE"},"content":{"rendered":"\n<p>La Universidad de Magallanes, c\u00f3mo \u00fanica universidad estatal y p\u00fablica existente en la Regi\u00f3n de Magallanes y de la Ant\u00e1rtica Chilena, jug\u00f3 un rol protag\u00f3nico en la elaboraci\u00f3n de la Estrategia Regional de Desarrollo y que fue aprobada en la \u00faltima sesi\u00f3n plenaria del Consejo Regional de Magallanes.<\/p>\n\n\n\n<p>Este instrumento, el primero que dispone el Gobierno Regional, comenz\u00f3 a elaborarse en el gobierno de Sebasti\u00e1n Pi\u00f1era, record\u00f3 el rector de la Universidad de Magallanes, Dr. Jos\u00e9 Maripani, quien recalc\u00f3 que existe la nueva ley 21.094, sobre universidades del Estado y en cuyo art\u00edculo 51 se habla del principio de colaboraci\u00f3n: Las universidades estatales deben colaborar con las distintas organizaciones e instituciones p\u00fablicas para la generaci\u00f3n de pol\u00edticas, an\u00e1lisis de las distintas necesidades que tengan las instituciones del Estado.<\/p>\n\n\n\n<p>Record\u00f3 que en ese contexto se inici\u00f3 el proceso con la firma de un convenio de colaboraci\u00f3n con las autoridades regionales de la administraci\u00f3n Pi\u00f1era, cuando el administrador regional era Jos\u00e9 Barr\u00eda, ex alumno de la UMAG, quien solicit\u00f3 el apoyo de la instituci\u00f3n.<\/p>\n\n\n\n<p>\u201cEn plena pandemia nuestra misi\u00f3n y rol fue iniciar esta colaboraci\u00f3n con nuestro gobierno regional. Posterior a ello se producen las nuevas elecciones, aparece ya un gobernador regional elegido democr\u00e1ticamente quien contin\u00faa con esta labor de colaboraci\u00f3n entre Universidad de Magallanes, gobierno regional, en el desarrollo de la estrategia y se genera un despliegue territorial\u201d, dijo Maripani, quien luego destac\u00f3 el despliegue territorial junto al gobernador regional Jorge Flies y los consejeros regionales de la \u00e9poca, m\u00e1s las nuevas divisiones instaladas en el Gore.<\/p>\n\n\n\n<p>As\u00ed se logr\u00f3 un trabajo colaborativo en las diez comunas, recogi\u00e9ndose elementos surgidos desde las propias comunidades, consider\u00e1ndose relevantes respecto a c\u00f3mo visualizan el futuro de la regi\u00f3n.<\/p>\n\n\n\n<p>Adem\u00e1s, valor\u00f3 el trabajo desarrollado por los equipos de profesionales de la Universidad de Magallanes colaborativamente con el gobierno regional, aun cuando es la divisi\u00f3n de Planificaci\u00f3n la que tiene legalmente el desarrollo de la Estrategia Regional.<\/p>\n\n\n\n<p>Tambi\u00e9n resalt\u00f3 la aprobaci\u00f3n del instrumento por parte de los consejeros regionales y record\u00f3 que uno de los compromisos es realizar junto al gobierno regional nuevas visitas a las comunas de las cuatro provincias de la regi\u00f3n y llevar el resultado del producto elaborado.<\/p>\n\n\n\n<p>\u201cSabemos que la estrategia anterior ten\u00eda demasiados indicadores y en este caso se trat\u00f3 de acotar buscando indicadores que puedan ser generados regionalmente. Estamos contentos como instituci\u00f3n el poder haber colaborado y desarrollado este principio de colaboraci\u00f3n como universidad del Estado con el Gobierno Regional\u201d, precis\u00f3 Maripani.<\/p>\n\n\n\n<p>La Estrategia una vez elaborada pasa a ser parte de los instrumentos que tiene el gobierno regional, que deber\u00e1 ir alimentando los indicadores.<\/p>\n\n\n\n<p><strong>20 lineamientos<\/strong><\/p>\n\n\n\n<p>El soci\u00f3logo Felipe Lagos, director del Centro de Estudios Regionales de la UMAG y activo part\u00edcipe en la elaboraci\u00f3n de la Estrategia Regional de Desarrollo, sostuvo que \u201cla participaci\u00f3n de la UMAG en la estrategia es un gran paso en la colaboraci\u00f3n entre los distintos componentes del sector p\u00fablico regional, y se alinea con los esfuerzos que se vienen realizando desde las universidades estatales para articular de mejor modo el relacionamiento con sus ecosistemas p\u00fablicos regionales. En este sentido, vemos que la UMAG se encuentra en una posici\u00f3n de avanzada a partir de esta colaboraci\u00f3n, la que sienta bases para futuros proyectos conjuntos, en tanto permite alojar en la UMAG, y en particular en el Centro de Estudios Regionales que dirijo, capacidades para llevar adelante procesos de participaci\u00f3n ciudadana, diagn\u00f3sticos, prospectivas estrat\u00e9gicas y planes de seguimiento y evaluaci\u00f3n de instrumentos de planificaci\u00f3n, con todas las herramientas y metodolog\u00edas que estos procesos demandan\u201d.<\/p>\n\n\n\n<p>Lagos detall\u00f3 que la Estrategia Regional cuenta con cuatro dimensiones de desarrollo y 20 lineamientos estrat\u00e9gicos, de los que se desprenden 55 objetivos y 133 indicadores. \u201cCreemos que todos estos indicadores son relevantes para ir evaluando en qu\u00e9 medida la regi\u00f3n avanza en los objetivos planteados en su estrategia para lograr un desarrollo social y humano, econ\u00f3mico y productivo, de integraci\u00f3n territorial y de sustentabilidad medioambiental y desarrollo cient\u00edfico y tecnol\u00f3gico\u201d, afirm\u00f3.<\/p>\n\n\n\n<p>La vicerrectora de Vinculaci\u00f3n con el Medio, Melissa Flores, sostuvo que fue una tremenda oportunidad de dejar capacidad instalada en la regi\u00f3n en lo que implican temas de planificaci\u00f3n territorial, de plantear lineamientos de lo que se quiere como regi\u00f3n.<\/p>\n\n\n\n<p>\u201cNosotros tuvimos una etapa diagn\u00f3stica, una etapa prospectiva y finalmente la redacci\u00f3n final de la Estrategia Regional de Desarrollo en la que ten\u00edamos diferentes enfoques. Uno de ellos el enfoque de participaci\u00f3n ciudadana, que se cubri\u00f3 a cabalidad con participaci\u00f3n de todos los distintos estamentos, instituciones y organizaciones que componen la Regi\u00f3n de Magallanes y de la Ant\u00e1rtica Chilena. Tambi\u00e9n ten\u00edamos un enfoque territorial y as\u00ed pudimos llegar a las diez comunas de la regi\u00f3n que de una u otra forma pudieron participar con talleres presenciales y tambi\u00e9n encuestas online\u201d, expres\u00f3 Melissa Flores.<\/p>\n\n\n\n<p>Adem\u00e1s, valor\u00f3 el enfoque de g\u00e9nero cumpli\u00e9ndose con una mayor participaci\u00f3n de mujeres a lo largo de las instancias participativas. \u201cTambi\u00e9n como universidad pudimos recibir el aporte de diferentes acad\u00e9micas y acad\u00e9micos que hoy d\u00eda est\u00e1n siendo como expertos en las diversas tem\u00e1ticas tanto del \u00e1rea social, productiva, educaci\u00f3n, emprendimiento, sostenibilidad y el desarrollo regional en general\u201d.<\/p>\n","protected":false},"excerpt":{"rendered":"<p>La Universidad de Magallanes, c\u00f3mo \u00fanica universidad estatal y p\u00fablica existente en la Regi\u00f3n de Magallanes y de la Ant\u00e1rtica Chilena, jug\u00f3 un rol protag\u00f3nico en la elaboraci\u00f3n de la&#8230; <a class=\"read-more\" href=\"https:\/\/www.radiopresidenteibanez.cl\/web\/umag-valoro-trabajo-colaborativo-realizado-en-la-estrategia-regional-de-desarrollo-aprobada-por-el-core\/\">Leer m\u00e1s<\/a><\/p>\n","protected":false},"author":2,"featured_media":39767,"comment_status":"closed","ping_status":"closed","sticky":false,"template":"","format":"standard","meta":{"footnotes":""},"categories":[1],"tags":[],"class_list":["post-39766","post","type-post","status-publish","format-standard","has-post-thumbnail","hentry","category-cronica"],"_links":{"self":[{"href":"https:\/\/www.radiopresidenteibanez.cl\/web\/wp-json\/wp\/v2\/posts\/39766","targetHints":{"allow":["GET"]}}],"collection":[{"href":"https:\/\/www.radiopresidenteibanez.cl\/web\/wp-json\/wp\/v2\/posts"}],"about":[{"href":"https:\/\/www.radiopresidenteibanez.cl\/web\/wp-json\/wp\/v2\/types\/post"}],"author":[{"embeddable":true,"href":"https:\/\/www.radiopresidenteibanez.cl\/web\/wp-json\/wp\/v2\/users\/2"}],"replies":[{"embeddable":true,"href":"https:\/\/www.radiopresidenteibanez.cl\/web\/wp-json\/wp\/v2\/comments?post=39766"}],"version-history":[{"count":0,"href":"https:\/\/www.radiopresidenteibanez.cl\/web\/wp-json\/wp\/v2\/posts\/39766\/revisions"}],"wp:featuredmedia":[{"embeddable":true,"href":"https:\/\/www.radiopresidenteibanez.cl\/web\/wp-json\/wp\/v2\/media\/39767"}],"wp:attachment":[{"href":"https:\/\/www.radiopresidenteibanez.cl\/web\/wp-json\/wp\/v2\/media?parent=39766"}],"wp:term":[{"taxonomy":"category","embeddable":true,"href":"https:\/\/www.radiopresidenteibanez.cl\/web\/wp-json\/wp\/v2\/categories?post=39766"},{"taxonomy":"post_tag","embeddable":true,"href":"https:\/\/www.radiopresidenteibanez.cl\/web\/wp-json\/wp\/v2\/tags?post=39766"}],"curies":[{"name":"wp","href":"https:\/\/api.w.org\/{rel}","templated":true}]}}