{"id":39720,"date":"2023-05-17T10:25:00","date_gmt":"2023-05-17T13:25:00","guid":{"rendered":"https:\/\/www.radiopresidenteibanez.cl\/web\/?p=39720"},"modified":"2023-05-17T08:48:28","modified_gmt":"2023-05-17T11:48:28","slug":"delegado-presidencial-y-seremi-de-educacion-comparten-desayuno-con-representantes-de-centros-de-estudiantes","status":"publish","type":"post","link":"https:\/\/www.radiopresidenteibanez.cl\/web\/delegado-presidencial-y-seremi-de-educacion-comparten-desayuno-con-representantes-de-centros-de-estudiantes\/","title":{"rendered":"DELEGADO PRESIDENCIAL Y SEREMI DE EDUCACI\u00d3N COMPARTEN DESAYUNO CON REPRESENTANTES DE CENTROS DE ESTUDIANTES"},"content":{"rendered":"\n<p>Esta ma\u00f1ana, en las dependencias de la Secretar\u00eda Regional Ministerial de Educaci\u00f3n, el delegado presidencial de Magallanes, Jos\u00e9 Ruiz Pivcevic, y el seremi Valent\u00edn Aguilera G\u00f3mez, recibieron a los dirigentes de los distintos Centros de Estudiantes de Punta Arenas, en el marco del D\u00eda del Estudiante y la Estudiante, con los cuales compartieron el desayuno conversando sobre los distintos desaf\u00edos que tienen sus comunidades educativas.<\/p>\n\n\n\n<p>A la cita asistieron representantes de m\u00e1s de treinta establecimientos de Ense\u00f1anza B\u00e1sica, Media, Adultos y Educaci\u00f3n Especial, incorporando todo el sistema educativo, municipal, particular subvencionado y particular. Adem\u00e1s de la participaci\u00f3n de la jefa del Departamento Provincial de Educaci\u00f3n, Carolina \u00c1lvarez, la jefa del Departamento de Educaci\u00f3n de la Secreduc, Leyla Arrizaga, y funcionarios del Servicio Local de Educaci\u00f3n P\u00fablica.<\/p>\n\n\n\n<p>El delegado presidencial regional, Jos\u00e9 Ruiz Pivcevic, destac\u00f3 el rol altruista de quienes asumen esta responsabilidad, indicando que \u201clos centros de estudiantes son espacios de expresi\u00f3n donde los j\u00f3venes pueden empoderarse, participando activamente en la toma de decisiones de sus escuelas, velando por el desarrollo arm\u00f3nico e integral de sus compa\u00f1eras y compa\u00f1eros\u201d.<\/p>\n\n\n\n<p>Por su parte, el seremi de Educaci\u00f3n, Valent\u00edn Aguilera G\u00f3mez, expres\u00f3 que \u201cdebemos continuar trabajando todas y todos juntos en recuperar y construir climas de sana convivencia al interior de las comunidades educativas. Poco a poco los \u00edndices de asistencia han ido en aumento, lo que nos permite vislumbrar mejores condiciones en materia de aprendizajes. Es por ello que hoy invitamos a las y los estudiantes a hacerse parte del Plan de Reactivaci\u00f3n Educativa, el cual resalta la importancia de la Formaci\u00f3n Ciudadana y la generaci\u00f3n de espacios para la participaci\u00f3n democr\u00e1tica\u201d.<\/p>\n\n\n\n<p>Uno de los estudiantes convocados fue Mat\u00edas Guala, alumno de cuarto medio del Liceo Salesiano San Jos\u00e9, quien indic\u00f3: \u201cMe parece entretenido que nos hayamos juntado chicos de diferentes colegios. Por as\u00ed decirlo, todos estamos en una misma parada, decidimos dar ese paso, ser cada uno los representantes de sus establecimientos. Fue interesante conocer las distintas visiones que tenemos\u201d.<\/p>\n\n\n\n<p>Representando al Liceo Juan Bautista Contardi, Gabriela Villegas, de tercero medio, afirm\u00f3 que \u201cestos encuentros son muy valorables porque uno puede conocer mucha gente que tiene las mismas aptitudes tuyas y que tambi\u00e9n dan a conocer las inquietudes que tienen sus colegios, ver qu\u00e9 tienen en com\u00fan, qu\u00e9 problem\u00e1ticas tienen dentro de ellos, c\u00f3mo lo podemos abordar tambi\u00e9n entre todos. Porque a pesar de ser una problem\u00e1tica de un colegio en espec\u00edfico, podemos trabajarla todos juntos para poder llegar a una posible soluci\u00f3n, trabajar a largo plazo, con cursos inferiores. Espero poder dejar un legado a la gente que tiene menor edad, que ellos puedan seguir luchando por mejorar sus establecimientos\u201d.<\/p>\n\n\n\n<p>Cabe destacar que la celebraci\u00f3n de El D\u00eda del Estudiante y la Estudiante fue establecida en el calendario escolar chileno en 1992, a trav\u00e9s del decreto 147 del Ministerio de Educaci\u00f3n, que dio reconocimiento a los Centros de Estudiantes.<\/p>\n","protected":false},"excerpt":{"rendered":"<p>Esta ma\u00f1ana, en las dependencias de la Secretar\u00eda Regional Ministerial de Educaci\u00f3n, el delegado presidencial de Magallanes, Jos\u00e9 Ruiz Pivcevic, y el seremi Valent\u00edn Aguilera G\u00f3mez, recibieron a los dirigentes&#8230; <a class=\"read-more\" href=\"https:\/\/www.radiopresidenteibanez.cl\/web\/delegado-presidencial-y-seremi-de-educacion-comparten-desayuno-con-representantes-de-centros-de-estudiantes\/\">Leer m\u00e1s<\/a><\/p>\n","protected":false},"author":2,"featured_media":39721,"comment_status":"closed","ping_status":"closed","sticky":false,"template":"","format":"standard","meta":{"footnotes":""},"categories":[1],"tags":[],"class_list":["post-39720","post","type-post","status-publish","format-standard","has-post-thumbnail","hentry","category-cronica"],"_links":{"self":[{"href":"https:\/\/www.radiopresidenteibanez.cl\/web\/wp-json\/wp\/v2\/posts\/39720","targetHints":{"allow":["GET"]}}],"collection":[{"href":"https:\/\/www.radiopresidenteibanez.cl\/web\/wp-json\/wp\/v2\/posts"}],"about":[{"href":"https:\/\/www.radiopresidenteibanez.cl\/web\/wp-json\/wp\/v2\/types\/post"}],"author":[{"embeddable":true,"href":"https:\/\/www.radiopresidenteibanez.cl\/web\/wp-json\/wp\/v2\/users\/2"}],"replies":[{"embeddable":true,"href":"https:\/\/www.radiopresidenteibanez.cl\/web\/wp-json\/wp\/v2\/comments?post=39720"}],"version-history":[{"count":0,"href":"https:\/\/www.radiopresidenteibanez.cl\/web\/wp-json\/wp\/v2\/posts\/39720\/revisions"}],"wp:featuredmedia":[{"embeddable":true,"href":"https:\/\/www.radiopresidenteibanez.cl\/web\/wp-json\/wp\/v2\/media\/39721"}],"wp:attachment":[{"href":"https:\/\/www.radiopresidenteibanez.cl\/web\/wp-json\/wp\/v2\/media?parent=39720"}],"wp:term":[{"taxonomy":"category","embeddable":true,"href":"https:\/\/www.radiopresidenteibanez.cl\/web\/wp-json\/wp\/v2\/categories?post=39720"},{"taxonomy":"post_tag","embeddable":true,"href":"https:\/\/www.radiopresidenteibanez.cl\/web\/wp-json\/wp\/v2\/tags?post=39720"}],"curies":[{"name":"wp","href":"https:\/\/api.w.org\/{rel}","templated":true}]}}