{"id":39697,"date":"2023-05-16T13:50:00","date_gmt":"2023-05-16T16:50:00","guid":{"rendered":"https:\/\/www.radiopresidenteibanez.cl\/web\/?p=39697"},"modified":"2023-05-16T10:54:36","modified_gmt":"2023-05-16T13:54:36","slug":"minvu-proyecta-construir-mas-de-100-soluciones-habitacionales-en-puerto-williams","status":"publish","type":"post","link":"https:\/\/www.radiopresidenteibanez.cl\/web\/minvu-proyecta-construir-mas-de-100-soluciones-habitacionales-en-puerto-williams\/","title":{"rendered":"MINVU PROYECTA CONSTRUIR MAS DE 100 SOLUCIONES HABITACIONALES EN PUERTO WILLIAMS"},"content":{"rendered":"\n<p>En el marco del trabajo de descentralizaci\u00f3n propuesto por el&nbsp;Gobierno del Presidente&nbsp;<strong>Gabriel Boric Font<\/strong>, la Directora Regional del Serviu,&nbsp;<strong>Mar\u00eda Luz Gajardo Salazar<\/strong>, se reuni\u00f3n en la comuna de Cabo de Hornos con familias de tres agrupaciones de vivienda.<\/p>\n\n\n\n<p>Uno de los encuentros se realiz\u00f3 con el comit\u00e9&nbsp;<em>Soberan\u00eda en el Fin del Mundo<\/em>, que re\u00fane a 23 familias de la ciudad de Puerto Williams, y con quien el Serviu viene trabajando hace algunos meses a trav\u00e9s de su entidad patrocinante.<\/p>\n\n\n\n<p>\u201cEs muy importante que las familias sean parte del proceso que significa postular y obtener una vivienda a trav\u00e9s un subsidio. Por eso viajamos con nuestra entidad patrocinante para presentarles los avances y contarles que ya est\u00e1 en licitaci\u00f3n el proyecto de dise\u00f1o de sus futuros hogares\u201d, explic\u00f3 la autoridad.<\/p>\n\n\n\n<p>La Directora&nbsp;Mar\u00eda Luz Gajardo&nbsp;tambi\u00e9n se reuni\u00f3 con la directiva de la agrupaci\u00f3n Haoa Akar, formada en el a\u00f1o 2018 en Puerto Williams, quienes solicitaron de manera formal el traspaso de un terreno Serviu para la ejecuci\u00f3n de su proyecto habitacional.<\/p>\n\n\n\n<p>\u201cFue una reuni\u00f3n bastante productiva, donde pudimos conocer los requerimientos de esta agrupaci\u00f3n que re\u00fane a cerca de 50 familias\u201d, indic\u00f3 la autoridad, agregando que \u201crevisaremos su petici\u00f3n de traspaso de terreno, mientras ellas trabajan en asociarse con una entidad patrocinante que las asesore en el proceso de dise\u00f1o del proyecto habitacional y la posterior postulaci\u00f3n a los subsidios\u201d.<\/p>\n\n\n\n<p>La \u00faltima reuni\u00f3n fue con&nbsp;la agrupaci\u00f3n&nbsp;<em>Sue\u00f1os del Cabo de Hornos<\/em>. \u00c9sta re\u00fane a 45 familias y actualmente est\u00e1 asociada a la entidad patrocinante Inmobiliaria Salfa. \u201cLes dimos la tranquilidad de que nuestro Ministerio est\u00e1 enfocado en avanzar con el Plan de Emergencia Habitacional y eso significa descentralizar la construcci\u00f3n de viviendas. Esperamos consolidar, durante el&nbsp;Gobierno del Presidente Gabriel Boric, m\u00e1s 100 soluciones habitacionales para familias de la Provincia de la Ant\u00e1rtica Chilena\u201d, enfatiz\u00f3.<\/p>\n\n\n\n<p>Durante el viaje, que sirvi\u00f3 para fortalecer el convenio de colaboraci\u00f3n que tiene el Minvu con la Municipalidad de Cabo de Hornos, la Directora del Serviu present\u00f3 el avance del proyecto de macroinfraestructura urbana que se est\u00e1 dise\u00f1ando y que permitir\u00e1 potenciar el desarrollo de la comuna de Cabo de Hornos.<\/p>\n","protected":false},"excerpt":{"rendered":"<p>En el marco del trabajo de descentralizaci\u00f3n propuesto por el&nbsp;Gobierno del Presidente&nbsp;Gabriel Boric Font, la Directora Regional del Serviu,&nbsp;Mar\u00eda Luz Gajardo Salazar, se reuni\u00f3n en la comuna de Cabo de&#8230; <a class=\"read-more\" href=\"https:\/\/www.radiopresidenteibanez.cl\/web\/minvu-proyecta-construir-mas-de-100-soluciones-habitacionales-en-puerto-williams\/\">Leer m\u00e1s<\/a><\/p>\n","protected":false},"author":2,"featured_media":39698,"comment_status":"closed","ping_status":"closed","sticky":false,"template":"","format":"standard","meta":{"footnotes":""},"categories":[1],"tags":[],"class_list":["post-39697","post","type-post","status-publish","format-standard","has-post-thumbnail","hentry","category-cronica"],"_links":{"self":[{"href":"https:\/\/www.radiopresidenteibanez.cl\/web\/wp-json\/wp\/v2\/posts\/39697","targetHints":{"allow":["GET"]}}],"collection":[{"href":"https:\/\/www.radiopresidenteibanez.cl\/web\/wp-json\/wp\/v2\/posts"}],"about":[{"href":"https:\/\/www.radiopresidenteibanez.cl\/web\/wp-json\/wp\/v2\/types\/post"}],"author":[{"embeddable":true,"href":"https:\/\/www.radiopresidenteibanez.cl\/web\/wp-json\/wp\/v2\/users\/2"}],"replies":[{"embeddable":true,"href":"https:\/\/www.radiopresidenteibanez.cl\/web\/wp-json\/wp\/v2\/comments?post=39697"}],"version-history":[{"count":0,"href":"https:\/\/www.radiopresidenteibanez.cl\/web\/wp-json\/wp\/v2\/posts\/39697\/revisions"}],"wp:featuredmedia":[{"embeddable":true,"href":"https:\/\/www.radiopresidenteibanez.cl\/web\/wp-json\/wp\/v2\/media\/39698"}],"wp:attachment":[{"href":"https:\/\/www.radiopresidenteibanez.cl\/web\/wp-json\/wp\/v2\/media?parent=39697"}],"wp:term":[{"taxonomy":"category","embeddable":true,"href":"https:\/\/www.radiopresidenteibanez.cl\/web\/wp-json\/wp\/v2\/categories?post=39697"},{"taxonomy":"post_tag","embeddable":true,"href":"https:\/\/www.radiopresidenteibanez.cl\/web\/wp-json\/wp\/v2\/tags?post=39697"}],"curies":[{"name":"wp","href":"https:\/\/api.w.org\/{rel}","templated":true}]}}