{"id":39694,"date":"2023-05-16T12:16:00","date_gmt":"2023-05-16T15:16:00","guid":{"rendered":"https:\/\/www.radiopresidenteibanez.cl\/web\/?p=39694"},"modified":"2023-05-16T10:50:05","modified_gmt":"2023-05-16T13:50:05","slug":"nunca-me-creo-en-la-cima-o-en-la-gloria-eso-es-un-gran-fantasma-creado-por-generaciones-pasadas-canta-leon-gieco","status":"publish","type":"post","link":"https:\/\/www.radiopresidenteibanez.cl\/web\/nunca-me-creo-en-la-cima-o-en-la-gloria-eso-es-un-gran-fantasma-creado-por-generaciones-pasadas-canta-leon-gieco\/","title":{"rendered":"\u00ab..Nunca me creo en la cima o en la gloria eso es un gran fantasma creado por generaciones pasadas..\u00bb canta Le\u00f3n Gieco"},"content":{"rendered":"\n<p>\u00bb A fines de septiembre de 1973, soldados de la Escuela de Infanter\u00eda, armados hasta los dientes, ingresaron a la Maestranza Central con una lista de nombres.<br>Recorrieron los talleres llamando a viva voz a los requeridos y los fueron sacando de sus lugares de trabajo, separ\u00e1ndolos de sus compa\u00f1eros, quienes ignoraban en ese momento que los ve\u00edan con vida por \u00faltima vez. Manuel Gonz\u00e1lez \u201cel conejo\u201d, de herrer\u00eda, Ram\u00f3n Vivanco del taller ruedas, Pedro Oyarz\u00fan \u201cel chueco\u201d de frenos de aire, Arturo Koyck \u201c El tata\u201d de el\u00e9ctrico, Jos\u00e9 Morales presidente del Consejo, Joel Silva \u201cel negrito\u201d de Pabell\u00f3n Central, al igual que Adiel Monsalves, Roberto \u00c1vila de alba\u00f1iler\u00eda, Alfredo Acevedo, Ra\u00fal Castro, y Hern\u00e1n Chamorro, llegaron tarde en la noche del 28 de septiembre al campo de prisioneros de Chena, lugar en el que ya se encontraban decenas de detenidos .<br>Al contrario de lo sucedido en 1939, en esta ocasi\u00f3n si se produjo el golpe de estado y ni los ferroviarios, ni ninguno de los gremios organizados pudo prepararse y resistir. Conocedores los golpistas locales de la fuerza de la organizaci\u00f3n ferroviaria, no trepidaron en fusilar a los dirigentes y trabajadores detenidos. Con tal acci\u00f3n daban una muestra de su actuar a los ferroviarios, y sembraban el terror en la poblaci\u00f3n.<\/p>\n\n\n\n<p>2.- El apacible San Bernardo se transform\u00f3 entonces en una comuna militarizada, vigilada de d\u00eda y de noche por patrullas militares armadas, que se hac\u00edan notar disparando a discreci\u00f3n. El \u00fanico inter\u00e9s que los movi\u00f3 durante esos a\u00f1os fue mantener a flor de piel el terror en la poblaci\u00f3n. El cerro Chena pas\u00f3 de lugar de esparcimiento a centro de detenci\u00f3n clandestino. Los militares, que formaban parte del paisaje de la ciudad , se transformaron en carceleros torturadores y verdugos .<br>A\u00fan hoy se busca en el cerro osamentas de detenidos desaparecidos.\u00bb<br>* Del libro \u201cTestimonio, Cerro Chena, un campo de prisioneros<\/p>\n","protected":false},"excerpt":{"rendered":"<p>\u00bb A fines de septiembre de 1973, soldados de la Escuela de Infanter\u00eda, armados hasta los dientes, ingresaron a la Maestranza Central con una lista de nombres.Recorrieron los talleres llamando&#8230; <a class=\"read-more\" href=\"https:\/\/www.radiopresidenteibanez.cl\/web\/nunca-me-creo-en-la-cima-o-en-la-gloria-eso-es-un-gran-fantasma-creado-por-generaciones-pasadas-canta-leon-gieco\/\">Leer m\u00e1s<\/a><\/p>\n","protected":false},"author":2,"featured_media":39695,"comment_status":"closed","ping_status":"closed","sticky":false,"template":"","format":"standard","meta":{"footnotes":""},"categories":[1],"tags":[],"class_list":["post-39694","post","type-post","status-publish","format-standard","has-post-thumbnail","hentry","category-cronica"],"_links":{"self":[{"href":"https:\/\/www.radiopresidenteibanez.cl\/web\/wp-json\/wp\/v2\/posts\/39694","targetHints":{"allow":["GET"]}}],"collection":[{"href":"https:\/\/www.radiopresidenteibanez.cl\/web\/wp-json\/wp\/v2\/posts"}],"about":[{"href":"https:\/\/www.radiopresidenteibanez.cl\/web\/wp-json\/wp\/v2\/types\/post"}],"author":[{"embeddable":true,"href":"https:\/\/www.radiopresidenteibanez.cl\/web\/wp-json\/wp\/v2\/users\/2"}],"replies":[{"embeddable":true,"href":"https:\/\/www.radiopresidenteibanez.cl\/web\/wp-json\/wp\/v2\/comments?post=39694"}],"version-history":[{"count":0,"href":"https:\/\/www.radiopresidenteibanez.cl\/web\/wp-json\/wp\/v2\/posts\/39694\/revisions"}],"wp:featuredmedia":[{"embeddable":true,"href":"https:\/\/www.radiopresidenteibanez.cl\/web\/wp-json\/wp\/v2\/media\/39695"}],"wp:attachment":[{"href":"https:\/\/www.radiopresidenteibanez.cl\/web\/wp-json\/wp\/v2\/media?parent=39694"}],"wp:term":[{"taxonomy":"category","embeddable":true,"href":"https:\/\/www.radiopresidenteibanez.cl\/web\/wp-json\/wp\/v2\/categories?post=39694"},{"taxonomy":"post_tag","embeddable":true,"href":"https:\/\/www.radiopresidenteibanez.cl\/web\/wp-json\/wp\/v2\/tags?post=39694"}],"curies":[{"name":"wp","href":"https:\/\/api.w.org\/{rel}","templated":true}]}}