{"id":39691,"date":"2023-05-16T11:19:00","date_gmt":"2023-05-16T14:19:00","guid":{"rendered":"https:\/\/www.radiopresidenteibanez.cl\/web\/?p=39691"},"modified":"2023-05-16T08:38:43","modified_gmt":"2023-05-16T11:38:43","slug":"senador-kusanovic-se-reunio-con-ministro-de-economia-para-buscar-mayor-compromiso-de-gobierno-que-permita-reiniciar-operaciones-de-geopark","status":"publish","type":"post","link":"https:\/\/www.radiopresidenteibanez.cl\/web\/senador-kusanovic-se-reunio-con-ministro-de-economia-para-buscar-mayor-compromiso-de-gobierno-que-permita-reiniciar-operaciones-de-geopark\/","title":{"rendered":"SENADOR KUSANOVIC SE REUNIO CON MINISTRO DE ECONOMIA PARA BUSCAR MAYOR COMPROMISO DE GOBIERNO QUE PERMITA REINICIAR OPERACIONES DE GEOPARK"},"content":{"rendered":"\n<p>Tras la visita del senador Alejandro Kusanovic a la comuna de San Gregorio, instancia en la cual se reuni\u00f3 con su alcaldesa Jeannette Andrade para conocer las necesidades de sus habitantes y apoyar medidas que permitan solucionarlas, se le hizo entrega de una carta firmada por sus concejales y la misma edil, donde se le solicita gestionar acciones, de acuerdo a sus atribuciones, para que las autoridades competentes&nbsp; asuman un rol m\u00e1s activo en las negociaciones que lleva la petrolera estatal, dado el fuerte componente social que tiene este problema y que no ha sido considerado por el Gobierno. Lo anterior, explican se debe a que GeoPark efect\u00faa parte importante de sus actividades en la comuna, viendo con preocupaci\u00f3n como esta situaci\u00f3n afecta directamente a la actividad econ\u00f3mica en la comuna y la continuidad de actividades que se han formado y perdurado al alero de estas empresas.&nbsp;&nbsp;&nbsp;<\/p>\n\n\n\n<p>Tal como viene advirtiendo el senador por magallanes, resulta inminente el cierre de operaciones de GeoPark y FDC, tras los negativos resultados de las negociaciones con ENAP para la operaci\u00f3n de Contratos Especiales de Operaci\u00f3n Petrolera (CEOPS), acusando la indolencia del Gobierno Regional y falta de visi\u00f3n geopol\u00edtica y estrat\u00e9gica que tiene la producci\u00f3n de hidrocarburos en la regi\u00f3n, lo que afectar\u00eda particularmente a la comuna de San Gregorio.<\/p>\n\n\n\n<p>Por lo anterior, el parlamentario se reuni\u00f3 el viernes pasado con el Ministro Econom\u00eda Nicolas Grau, en el marco de la visita de parte del gabinete que acompa\u00f1o al Presidente a la regi\u00f3n, catalogando la cita como provechosa y oportunidad \u201cen la cual aborde la situaci\u00f3n de GeoPark, solicitando al Ministro y a las autoridades de gobierno buscar puntos de encuentro y una soluci\u00f3n que permita llegar a acuerdo r\u00e1pidamente, por la &nbsp;incertidumbre que genera esta situaci\u00f3n a los trabajadores. Reuni\u00f3n donde pude transmitir las preocupaciones que me expreso la alcaldesa de San Gregorio y sus concejales.\u201d, concluye Kusanovic. &nbsp;<\/p>\n","protected":false},"excerpt":{"rendered":"<p>Tras la visita del senador Alejandro Kusanovic a la comuna de San Gregorio, instancia en la cual se reuni\u00f3 con su alcaldesa Jeannette Andrade para conocer las necesidades de sus&#8230; <a class=\"read-more\" href=\"https:\/\/www.radiopresidenteibanez.cl\/web\/senador-kusanovic-se-reunio-con-ministro-de-economia-para-buscar-mayor-compromiso-de-gobierno-que-permita-reiniciar-operaciones-de-geopark\/\">Leer m\u00e1s<\/a><\/p>\n","protected":false},"author":2,"featured_media":39692,"comment_status":"closed","ping_status":"closed","sticky":false,"template":"","format":"standard","meta":{"footnotes":""},"categories":[1],"tags":[],"class_list":["post-39691","post","type-post","status-publish","format-standard","has-post-thumbnail","hentry","category-cronica"],"_links":{"self":[{"href":"https:\/\/www.radiopresidenteibanez.cl\/web\/wp-json\/wp\/v2\/posts\/39691","targetHints":{"allow":["GET"]}}],"collection":[{"href":"https:\/\/www.radiopresidenteibanez.cl\/web\/wp-json\/wp\/v2\/posts"}],"about":[{"href":"https:\/\/www.radiopresidenteibanez.cl\/web\/wp-json\/wp\/v2\/types\/post"}],"author":[{"embeddable":true,"href":"https:\/\/www.radiopresidenteibanez.cl\/web\/wp-json\/wp\/v2\/users\/2"}],"replies":[{"embeddable":true,"href":"https:\/\/www.radiopresidenteibanez.cl\/web\/wp-json\/wp\/v2\/comments?post=39691"}],"version-history":[{"count":0,"href":"https:\/\/www.radiopresidenteibanez.cl\/web\/wp-json\/wp\/v2\/posts\/39691\/revisions"}],"wp:featuredmedia":[{"embeddable":true,"href":"https:\/\/www.radiopresidenteibanez.cl\/web\/wp-json\/wp\/v2\/media\/39692"}],"wp:attachment":[{"href":"https:\/\/www.radiopresidenteibanez.cl\/web\/wp-json\/wp\/v2\/media?parent=39691"}],"wp:term":[{"taxonomy":"category","embeddable":true,"href":"https:\/\/www.radiopresidenteibanez.cl\/web\/wp-json\/wp\/v2\/categories?post=39691"},{"taxonomy":"post_tag","embeddable":true,"href":"https:\/\/www.radiopresidenteibanez.cl\/web\/wp-json\/wp\/v2\/tags?post=39691"}],"curies":[{"name":"wp","href":"https:\/\/api.w.org\/{rel}","templated":true}]}}