{"id":39688,"date":"2023-05-16T10:20:00","date_gmt":"2023-05-16T13:20:00","guid":{"rendered":"https:\/\/www.radiopresidenteibanez.cl\/web\/?p=39688"},"modified":"2023-05-16T08:28:58","modified_gmt":"2023-05-16T11:28:58","slug":"boletin-informativo-matinal-orbe-3","status":"publish","type":"post","link":"https:\/\/www.radiopresidenteibanez.cl\/web\/boletin-informativo-matinal-orbe-3\/","title":{"rendered":"BOLETIN INFORMATIVO MATINAL ORBE"},"content":{"rendered":"\n<p>ARICA.- El delegado presidencial de Arica y Parinacota,<br>Ricardo Sanzana, confirm\u00f3 que, gracias a un trabajo<br>coordinado con diversas instituciones, no quedan migrantes<br>varados en la frontera de Chile y Per\u00fa. \u00abSe logr\u00f3 que la<br>totalidad de las personas que estaban en alg\u00fan momento<br>esperando en frontera ya hayan dejado el lugar, y esto se<br>debe a diversas situaciones\u00bb, plante\u00f3 la autoridad,<br>resaltando que \u00abel Estado y el Gobierno se hizo cargo\u00bb,<br>se\u00f1al\u00f3.<\/p>\n\n\n\n<p>ARICA.- Adem\u00e1s, se\u00f1al\u00f3 que hubo un trabajo coordinado con<br>organizaciones internacionales, con la Iglesia Cat\u00f3lica, y<br>con Per\u00fa\u00bb. \u00cbsto, porque \u00abse pusieron a disposici\u00f3n algunos<br>espacios para poder trasladar a los menores hacia Arica, para<br>poder determinar ah\u00ed su espera a la salida hacia Per\u00fa, o el<br>retorno hacia su ciudad de origen\u00bb. Tambi\u00e9n destac\u00f3 que hubo<br>situaciones especiales en que Per\u00fa recibi\u00f3 a personas con<br>alg\u00fan grado de enfermedad o discapacidad f\u00edsica o mental.<\/p>\n\n\n\n<p>ARICA.- Sanzana tambi\u00e9n adelant\u00f3 que la Canciller\u00eda<br>venezolana se abri\u00f3 a la posibilidad de un corredor<br>humanitario para repatriar a otros connacionales desde Chile,<br>aunque los futuros aviones no partir\u00edan en Arica. As\u00ed, llam\u00f3<br>\u00aba quienes deseen trasladarse hasta Arica es que no lo hagan,<br>puesto que existen posibilidades de soluciones por canales<br>m\u00e1s vinculados a Canciller\u00eda y a voluntades de los dem\u00e1s<br>pa\u00edses para un corredor humanitario desde lugares de estad\u00eda<br>actual\u00bb.<\/p>\n\n\n\n<p>SANTIAGO.- El Consejo para la Transparencia, CPLT, sentenci\u00f3<br>una investigaci\u00f3n sumaria contra la subsecretaria de<br>Relaciones Exteriores, Gloria de la Fuente. Esto, por no<br>cumplir oportunamente la entrega de informaci\u00f3n sobre<br>comunicaciones oficiales sostenidas entre los gobiernos de<br>Chile y Estados Unidos, en el marco del caso FBI y que se<br>relacionan con la exasesora presidencial Luc\u00eda Dammert.<\/p>\n\n\n\n<p>SANTIAGO.- El \u00f3rgano se\u00f1al\u00f3 que la subsecretar\u00eda de<br>Relaciones Exteriores, instituci\u00f3n a la que se dirigi\u00f3 la<br>solicitud de acceso a la informaci\u00f3n, declar\u00f3 que \u00abexistieron<br>comunicaciones a trav\u00e9s de v\u00edas verbales\u00bb. Sin embargo, el<br>CPLT estim\u00f3 que \u00abse trataba de informaci\u00f3n p\u00fablica que deb\u00eda<br>entregarse\u00bb. Adem\u00e1s, agreg\u00f3 que no explic\u00f3 de manera<br>detallada las razones de no tener en su poder la informaci\u00f3n<br>solicitada\u00bb.<\/p>\n\n\n\n<p>SANTIAGO.- El presidente del CPLT, Francisco Leturia, afirm\u00f3<br>que \u00absi la subsecretar\u00eda no cumpli\u00f3 una orden, que por ley<br>emiti\u00f3 el Consejo para la Transparencia, se levantan una<br>serie de dudas, y una de las m\u00e1s graves es que podr\u00eda no<br>haber existido comunicaci\u00f3n oficial entre el Gobierno de<br>Chile y Estados Unidos, relativo a las investigaciones<br>reservadas del FBI\u00bb. \u00abEso ser\u00eda un hecho in\u00e9dito y grav\u00edsimo,<br>y que va mucho m\u00e1s all\u00e1 de una falta de transparencia\u00bb,<br>afirm\u00f3.<\/p>\n\n\n\n<p>SANTIAGO.- La ministra vocera de Gobierno, Camila Vallejo,<br>respondi\u00f3 a los dichos del presidente del Senado, Juan<br>Antonio Coloma, UDI, quien afirm\u00f3 que el proyecto de ley<br>corta de isapres que envi\u00f3 el gobierno al Ejecutivo para<br>implementar el fallo de la Corte Suprema \u00abno flotaba\u00bb. Al<br>respecto, dijo \u00abla pregunta es qu\u00e9 es lo que le flota al<br>parlamentario. \u00bfUn perdonazo? \u00bfUn salvataje? \u00bfO qu\u00e9?\u00bb,<br>cuestion\u00f3 la ministra.<\/p>\n\n\n\n<p>SANTIAGO.- Vallejo agreg\u00f3 que \u00abcomo Gobierno, al menos,<br>nuestra responsabilidad es dar respuestas. No solo establecer<br>problemas, sino que dar respuestas\u00bb. \u00abY \u00e9ste proyecto es un<br>camino que da respuesta al cumplimiento del fallo, se hace<br>cargo de eso, pero tambi\u00e9n con sentido de responsabilidad<br>para que en la implementaci\u00f3n no tengamos una crisis que<br>afecte al usuario o al sistema p\u00fablico por incapacidad de<br>absorber esta situaci\u00f3n\u00bb, dijo.<\/p>\n\n\n\n<p>SANTIAGO.- En otro tema, Vallejo se refiri\u00f3 al proceso<br>constitucional en curso y al proyecto de ley que presentaron<br>dos diputados del movimiento Avancemos Chile que busca evitar<br>que se produzca un tercer proceso constituyente en caso de<br>que en diciembre gane la opci\u00f3n de rechazar la propuesta.<br>\u00abNadie \u2013ni el Presidente, ni nadie\u2013 quiere que nos farreemos<br>esta segunda oportunidad que nos hemos dado para tener una<br>Constituci\u00f3n del siglo XXI y de forma democr\u00e1tica\u00bb,<br>sostuvo.<\/p>\n\n\n\n<p>SANTIAGO.- En esa l\u00ednea, la ministra asegur\u00f3 que \u00abpor eso es<br>tan importante insistir en el presente, en poner los ojos en<br>aqu\u00e9llos que fueron electos para asumir este desaf\u00edo en esta<br>segunda oportunidad hist\u00f3rica, m\u00e1s que estar solo pensando en<br>qu\u00e9 viene despu\u00e9s, porque nos desv\u00eda la atenci\u00f3n de lo que es<br>importante, porque es construir escenarios hipot\u00e9ticos\u00bb.<br>Adem\u00e1s, insisti\u00f3 en que \u00abnadie quiere que volvamos a<br>desaprovechar una oportunidad como \u00e9sta\u00bb, sostuvo.<\/p>\n\n\n\n<p>SANTIAGO.- El Partido Republicano instruy\u00f3 que sus consejeros<br>constitucionales no hablen con la prensa sin la autorizaci\u00f3n<br>de la colectividad, esto como una se\u00f1al de \u00abresponsabilidad\u00bb<br>de cara al proceso y para evitar nuevas pol\u00e9micas en torno a<br>dichos de sus propios representantes. Seg\u00fan La Tercera PM,<br>as\u00ed se determin\u00f3 en el c\u00f3nclave del partido, donde acordaron<br>que todas las decisiones comunicacionales de los consejeros<br>quedar\u00e1n a cargo de la tienda.<\/p>\n\n\n\n<p>SANTIAGO.- La medida busca evitar que se repita lo ocurrido<br>con Luis Silva, consejero electo con el mayor n\u00famero de<br>votos, quien en una entrevista se\u00f1al\u00f3 que aunque su intenci\u00f3n<br>no es \u00abpasar m\u00e1quina\u00bb en el \u00f3rgano redactor, tampoco se<br>siente obligado a buscar acuerdos con el sector derrotado.<br>Adem\u00e1s, el diputado Johannes Kaiser, que milita en ese<br>partido, puso en duda el respeto por las 12 bases<br>establecidas para el nuevo proceso constituyente.<\/p>\n","protected":false},"excerpt":{"rendered":"<p>ARICA.- El delegado presidencial de Arica y Parinacota,Ricardo Sanzana, confirm\u00f3 que, gracias a un trabajocoordinado con diversas instituciones, no quedan migrantesvarados en la frontera de Chile y Per\u00fa. \u00abSe logr\u00f3&#8230; <a class=\"read-more\" href=\"https:\/\/www.radiopresidenteibanez.cl\/web\/boletin-informativo-matinal-orbe-3\/\">Leer m\u00e1s<\/a><\/p>\n","protected":false},"author":2,"featured_media":39689,"comment_status":"closed","ping_status":"closed","sticky":false,"template":"","format":"standard","meta":{"footnotes":""},"categories":[1],"tags":[],"class_list":["post-39688","post","type-post","status-publish","format-standard","has-post-thumbnail","hentry","category-cronica"],"_links":{"self":[{"href":"https:\/\/www.radiopresidenteibanez.cl\/web\/wp-json\/wp\/v2\/posts\/39688","targetHints":{"allow":["GET"]}}],"collection":[{"href":"https:\/\/www.radiopresidenteibanez.cl\/web\/wp-json\/wp\/v2\/posts"}],"about":[{"href":"https:\/\/www.radiopresidenteibanez.cl\/web\/wp-json\/wp\/v2\/types\/post"}],"author":[{"embeddable":true,"href":"https:\/\/www.radiopresidenteibanez.cl\/web\/wp-json\/wp\/v2\/users\/2"}],"replies":[{"embeddable":true,"href":"https:\/\/www.radiopresidenteibanez.cl\/web\/wp-json\/wp\/v2\/comments?post=39688"}],"version-history":[{"count":0,"href":"https:\/\/www.radiopresidenteibanez.cl\/web\/wp-json\/wp\/v2\/posts\/39688\/revisions"}],"wp:featuredmedia":[{"embeddable":true,"href":"https:\/\/www.radiopresidenteibanez.cl\/web\/wp-json\/wp\/v2\/media\/39689"}],"wp:attachment":[{"href":"https:\/\/www.radiopresidenteibanez.cl\/web\/wp-json\/wp\/v2\/media?parent=39688"}],"wp:term":[{"taxonomy":"category","embeddable":true,"href":"https:\/\/www.radiopresidenteibanez.cl\/web\/wp-json\/wp\/v2\/categories?post=39688"},{"taxonomy":"post_tag","embeddable":true,"href":"https:\/\/www.radiopresidenteibanez.cl\/web\/wp-json\/wp\/v2\/tags?post=39688"}],"curies":[{"name":"wp","href":"https:\/\/api.w.org\/{rel}","templated":true}]}}