{"id":39685,"date":"2023-05-16T09:29:00","date_gmt":"2023-05-16T12:29:00","guid":{"rendered":"https:\/\/www.radiopresidenteibanez.cl\/web\/?p=39685"},"modified":"2023-05-16T08:24:44","modified_gmt":"2023-05-16T11:24:44","slug":"ruta-al-aeropuerto-de-punta-arenas-sera-iluminada","status":"publish","type":"post","link":"https:\/\/www.radiopresidenteibanez.cl\/web\/ruta-al-aeropuerto-de-punta-arenas-sera-iluminada\/","title":{"rendered":"RUTA AL AEROPUERTO DE PUNTA ARENAS SERA ILUMINADA"},"content":{"rendered":"\n<p>Durante julio ser\u00e1n difundidas las bases de la licitaci\u00f3n para el proyecto que permitir\u00e1 iluminar la Ruta 9 Norte,\u00a0que va desde el barrio industrial\u00a0hacia el aeropuerto de Punta Arenas,\u00a0en la Regi\u00f3n de Magallanes. El anuncio lo hizo este lunes el Delegado Presidencial Regional, Jos\u00e9 Ruiz Pivcevic, en el marco de la visita que realiza a la zona la ministra de Obras P\u00fablicas, Jessica L\u00f3pez Saffie, quien visit\u00f3 las obras que realiza su repartici\u00f3n en el Aeropuerto Carlos Iba\u00f1ez en la capital regional.<br>El proceso de iluminaci\u00f3n de la ruta al aeropuerto -que incluye calles aleda\u00f1as al camino- comenzar\u00e1 con la licitaci\u00f3n del dise\u00f1o de las obras a un costo cercano a los 500 millones de pesos.<br>\u201cSe trata de una obra que impacta en la poblaci\u00f3n y genera mayor seguridad vial para quienes transitan<br>hacia y desde el aeropuerto\u201d, dijo el Delegado Presidencial, quien adem\u00e1s destac\u00f3 el conjunto de los trabajos de mejoramiento de la infraestructura del principal terminal a\u00e9reo de la regi\u00f3n, que -como anunci\u00f3 la ministra L\u00f3pez- incluyen la ampliaci\u00f3n de las pistas, las construcciones de tr\u00e1nsito de pasajeros, estacionamientos y los accesos al terminal aeroportuario. La inversi\u00f3n para estos trabajos suma 35 mil millones de pesos.<br>La licitaci\u00f3n una vez iniciada fijar\u00e1 los ritmos del proceso, pero un c\u00e1lculo preliminar indica que las obras de iluminaci\u00f3n podr\u00edan comenzar a principios del pr\u00f3ximo a\u00f1o.<br>El Delegado Presidencial acompa\u00f1\u00f3 a la ministra de Obras P\u00fablicas a Puerto Williams, donde ambos<br>participaron -junto al Gobernador Regional, Jorge Flies, y autoridades locales- en la inauguraci\u00f3n del Centro Subant\u00e1rtico.<br>Ruiz indic\u00f3 que aprovech\u00f3 su viaje a Puerto Williams para reunirse con dirigentes sociales. \u201cFue una reuni\u00f3n bastante productiva, nos llevamos tarea para la casa con la Delegada (Provincial) y esperamos estar pronto en una siguiente oportunidad en Puerto Williams para tambi\u00e9n dar respuesta a los dirigentes\u201d, explic\u00f3.<br>En relaci\u00f3n al Centro Subant\u00e1rtico, el Delegado Presidencial dijo que este \u201cva a contribuir bastante al<br>desarrollo de Puerto Williams, en tanto va a promover la investigaci\u00f3n cient\u00edfica. Tiene que generarse un<br>espacio de di\u00e1logo abierto con la comunidad, y tambi\u00e9n va a generar algo bien interesante, que es impartir carreras t\u00e9cnicas para la continuidad de los estudiantes de esta zona\u201d.<\/p>\n","protected":false},"excerpt":{"rendered":"<p>Durante julio ser\u00e1n difundidas las bases de la licitaci\u00f3n para el proyecto que permitir\u00e1 iluminar la Ruta 9 Norte,\u00a0que va desde el barrio industrial\u00a0hacia el aeropuerto de Punta Arenas,\u00a0en la&#8230; <a class=\"read-more\" href=\"https:\/\/www.radiopresidenteibanez.cl\/web\/ruta-al-aeropuerto-de-punta-arenas-sera-iluminada\/\">Leer m\u00e1s<\/a><\/p>\n","protected":false},"author":2,"featured_media":39686,"comment_status":"closed","ping_status":"closed","sticky":false,"template":"","format":"standard","meta":{"footnotes":""},"categories":[1],"tags":[],"class_list":["post-39685","post","type-post","status-publish","format-standard","has-post-thumbnail","hentry","category-cronica"],"_links":{"self":[{"href":"https:\/\/www.radiopresidenteibanez.cl\/web\/wp-json\/wp\/v2\/posts\/39685","targetHints":{"allow":["GET"]}}],"collection":[{"href":"https:\/\/www.radiopresidenteibanez.cl\/web\/wp-json\/wp\/v2\/posts"}],"about":[{"href":"https:\/\/www.radiopresidenteibanez.cl\/web\/wp-json\/wp\/v2\/types\/post"}],"author":[{"embeddable":true,"href":"https:\/\/www.radiopresidenteibanez.cl\/web\/wp-json\/wp\/v2\/users\/2"}],"replies":[{"embeddable":true,"href":"https:\/\/www.radiopresidenteibanez.cl\/web\/wp-json\/wp\/v2\/comments?post=39685"}],"version-history":[{"count":0,"href":"https:\/\/www.radiopresidenteibanez.cl\/web\/wp-json\/wp\/v2\/posts\/39685\/revisions"}],"wp:featuredmedia":[{"embeddable":true,"href":"https:\/\/www.radiopresidenteibanez.cl\/web\/wp-json\/wp\/v2\/media\/39686"}],"wp:attachment":[{"href":"https:\/\/www.radiopresidenteibanez.cl\/web\/wp-json\/wp\/v2\/media?parent=39685"}],"wp:term":[{"taxonomy":"category","embeddable":true,"href":"https:\/\/www.radiopresidenteibanez.cl\/web\/wp-json\/wp\/v2\/categories?post=39685"},{"taxonomy":"post_tag","embeddable":true,"href":"https:\/\/www.radiopresidenteibanez.cl\/web\/wp-json\/wp\/v2\/tags?post=39685"}],"curies":[{"name":"wp","href":"https:\/\/api.w.org\/{rel}","templated":true}]}}