{"id":39663,"date":"2023-05-15T14:38:00","date_gmt":"2023-05-15T17:38:00","guid":{"rendered":"https:\/\/www.radiopresidenteibanez.cl\/web\/?p=39663"},"modified":"2023-05-15T10:51:52","modified_gmt":"2023-05-15T13:51:52","slug":"con-la-participacion-de-1-500-estudiantes-se-dio-inicio-a-la-4-a-version-de-la-liga-deportiva-escolar","status":"publish","type":"post","link":"https:\/\/www.radiopresidenteibanez.cl\/web\/con-la-participacion-de-1-500-estudiantes-se-dio-inicio-a-la-4-a-version-de-la-liga-deportiva-escolar\/","title":{"rendered":"CON LA PARTICIPACION DE 1.500 ESTUDIANTES SE DIO INICIO A LA 4.\u00aa VERSION DE LA LIGA DEPORTIVA ESCOLAR"},"content":{"rendered":"\n<p>Con la participaci\u00f3n de alrededor de 1.500 estudiantes de educaci\u00f3n primaria, se dio inicio a la&nbsp;4.\u00aa<strong>&nbsp;<\/strong>versi\u00f3n de la Liga Deportiva Escolar que lleva a cabo la Unidad de Deportes, dependiente de la Direcci\u00f3n de Desarrollo Comunitario (Dideco), de la Municipalidad de Punta Arenas.<\/p>\n\n\n\n<p>La principal cita del deporte estudiantil, re\u00fane a un total de 31 establecimientos educacionales de ense\u00f1anza b\u00e1sica entre municipales, subvencionados y privados de la capital regional de Magallanes, representados en 123 equipos bajo las categor\u00edas sub 8, sub 10 y sub 12: tanto para Damas como Varones. De estos, 19 conjuntos compiten en la disciplina de Voleibol, 17 en Balonmano, 40 en Basquetbol, y 47 disputar\u00e1n el certamen de Futsal. A la competici\u00f3n se espera sumar la Escuela Bernardo O\u2019Higgins de Porvenir, que se encuentra gestionando los recursos para participar en tres ramas deportivas.<\/p>\n\n\n\n<p>Sin dudas, un importante certamen que busca incentivar por medio de estas cuatro disciplinas, el deporte y la actividad f\u00edsica en todos los recintos educativos de la comuna. Un objetivo central el cual remarc\u00f3 el alcalde de la Municipalidad de Punta Arenas, Claudio Radonich, quien manifest\u00f3 que ha sido un arduo trabajo para que hoy, esta nueva versi\u00f3n de la liga, tenga la fuerza y convocatoria que tiene. \u201cComenzamos con algo que era muy simple, pero, que no exist\u00eda en la ciudad: que las ni\u00f1as y ni\u00f1os hicieran deportes los fines de semana. En esta 4.\u00aa versi\u00f3n, hemos logrado un r\u00e9cord de colegios (solo faltaron cinco por inscribirse). A esto se suma que hemos agregado una categor\u00eda m\u00e1s, menores de 8 a\u00f1os de edad. Estamos muy contentos como organizaci\u00f3n porque contamos con el apoyo de las mam\u00e1s y pap\u00e1s, y esto se ve a trav\u00e9s de la gran asistencia a los distintos gimnasios\u201d, sostuvo el edil.<\/p>\n\n\n\n<p>Por su parte, el encargado del \u00c1rea de Deportes, Felipe Yutronic, se refiri\u00f3 al proceso de inscripci\u00f3n como todo un \u00e9xito, gracias al gran inter\u00e9s de la comunidad educativa por ser parte de esta gran cita deportiva. \u201cTenemos una gran participaci\u00f3n de colegios, y esperamos que aquellos pocos establecimientos que no nos acompa\u00f1an en esta nueva versi\u00f3n de la liga, puedan hacerlo a futuro para tener la totalidad de la comunidad educativa, compitiendo cada fin de semana\u201d, afirm\u00f3 el coordinador.<\/p>\n\n\n\n<p>En su 4.\u00aa edici\u00f3n, este programa deportivo se gesta gracias al apoyo de la Fundaci\u00f3n de Deportes para el arriendo de los distintos gimnasios donde se llevan a cabo las competencias, y del Instituto Nacional de Deportes (IND) para el desarrollo del trabajo de la rama arbitral para cada uno de los cruces.<\/p>\n\n\n\n<p>Ser\u00e1n un total de 19 fechas a disputar durante este 2023, las cuales tendr\u00e1n t\u00e9rmino por medio de una gran final que se llevar\u00e1 a cabo el s\u00e1bado 18 de noviembre, en el Gimnasio Fiscal de Punta Arenas.<\/p>\n\n\n\n<p>Cabe destacar que, una de las importantes novedades del certamen, es que el equipo&nbsp;que se consagre campe\u00f3n de la categor\u00eda U12 de Damas en Futsal, ser\u00e1 premiado con un viaje con todos los gastos pagados, con rumbo al Nacional de ANFP, gracias a un convenio firmado entre la asociaci\u00f3n y la Municipalidad de Punta Arenas.<\/p>\n","protected":false},"excerpt":{"rendered":"<p>Con la participaci\u00f3n de alrededor de 1.500 estudiantes de educaci\u00f3n primaria, se dio inicio a la&nbsp;4.\u00aa&nbsp;versi\u00f3n de la Liga Deportiva Escolar que lleva a cabo la Unidad de Deportes, dependiente&#8230; <a class=\"read-more\" href=\"https:\/\/www.radiopresidenteibanez.cl\/web\/con-la-participacion-de-1-500-estudiantes-se-dio-inicio-a-la-4-a-version-de-la-liga-deportiva-escolar\/\">Leer m\u00e1s<\/a><\/p>\n","protected":false},"author":2,"featured_media":39664,"comment_status":"closed","ping_status":"closed","sticky":false,"template":"","format":"standard","meta":{"footnotes":""},"categories":[1],"tags":[],"class_list":["post-39663","post","type-post","status-publish","format-standard","has-post-thumbnail","hentry","category-cronica"],"_links":{"self":[{"href":"https:\/\/www.radiopresidenteibanez.cl\/web\/wp-json\/wp\/v2\/posts\/39663","targetHints":{"allow":["GET"]}}],"collection":[{"href":"https:\/\/www.radiopresidenteibanez.cl\/web\/wp-json\/wp\/v2\/posts"}],"about":[{"href":"https:\/\/www.radiopresidenteibanez.cl\/web\/wp-json\/wp\/v2\/types\/post"}],"author":[{"embeddable":true,"href":"https:\/\/www.radiopresidenteibanez.cl\/web\/wp-json\/wp\/v2\/users\/2"}],"replies":[{"embeddable":true,"href":"https:\/\/www.radiopresidenteibanez.cl\/web\/wp-json\/wp\/v2\/comments?post=39663"}],"version-history":[{"count":0,"href":"https:\/\/www.radiopresidenteibanez.cl\/web\/wp-json\/wp\/v2\/posts\/39663\/revisions"}],"wp:featuredmedia":[{"embeddable":true,"href":"https:\/\/www.radiopresidenteibanez.cl\/web\/wp-json\/wp\/v2\/media\/39664"}],"wp:attachment":[{"href":"https:\/\/www.radiopresidenteibanez.cl\/web\/wp-json\/wp\/v2\/media?parent=39663"}],"wp:term":[{"taxonomy":"category","embeddable":true,"href":"https:\/\/www.radiopresidenteibanez.cl\/web\/wp-json\/wp\/v2\/categories?post=39663"},{"taxonomy":"post_tag","embeddable":true,"href":"https:\/\/www.radiopresidenteibanez.cl\/web\/wp-json\/wp\/v2\/tags?post=39663"}],"curies":[{"name":"wp","href":"https:\/\/api.w.org\/{rel}","templated":true}]}}