{"id":39642,"date":"2023-05-14T14:40:00","date_gmt":"2023-05-14T17:40:00","guid":{"rendered":"https:\/\/www.radiopresidenteibanez.cl\/web\/?p=39642"},"modified":"2023-05-13T21:03:16","modified_gmt":"2023-05-14T00:03:16","slug":"asociacion-de-enfermeros-y-enfermeras-asenf-del-hospital-de-natales-realizan-exitosa-exposicion-informativa-y-practica-de-servicios-clinicos-dirigido-a-la-comunidad","status":"publish","type":"post","link":"https:\/\/www.radiopresidenteibanez.cl\/web\/asociacion-de-enfermeros-y-enfermeras-asenf-del-hospital-de-natales-realizan-exitosa-exposicion-informativa-y-practica-de-servicios-clinicos-dirigido-a-la-comunidad\/","title":{"rendered":"Asociaci\u00f3n de Enfermeros y Enfermeras (ASENF) del Hospital de Natales realizan exitosa exposici\u00f3n informativa y pr\u00e1ctica de servicios cl\u00ednicos dirigido a la comunidad"},"content":{"rendered":"\n<p>La ciudadan\u00eda, usuarios de la red salud y equipo directivo del Hospital de<br>Natales reconocen la importancia de los profesionales de la salud. La vocaci\u00f3n<br>de enfermeros (as) es incuestionable, y ha sido as\u00ed a lo largo de toda la historia.<br>Es por ello que, y en pos de fortalecer v\u00ednculos con la comunidad natalina, el<br>gremio de la Asociaci\u00f3n de Enfermeros y Enfermeras (ASENF) de nuestro<br>hospital, y en conmemoraci\u00f3n del d\u00eda internacional de la enfermer\u00eda a<br>celebrarse este 12 de mayo; la gremial convoc\u00f3 a todos los enfermeros y<br>enfermas del recinto asistencial a participar de un stand informativo y pr\u00e1ctico<br>con el objetivo de visibilizar sus servicios y actividades hacia los alumnos<br>pertenecientes a diferentes liceos de la comuna.<br>En ese sentido, la representante de la directiva gremial ASENF, Mar\u00eda Jos\u00e9<br>C\u00e1rcamo, se\u00f1al\u00f3 que \u201ccomo gremio quisimos invitar a todos los enfermeros<br>del hospital de Puerto Natales a mostrar que se hace en sus servicios. Es por<br>eso que distintas unidades, como la UPC, el Servicio de Urgencia, CAE Adulto,<br>SOME, Servicio de Di\u00e1lisis y SAMU, quisieron exponer la importancia y la labor<br>de la enfermer\u00eda en general dirigido a la comunidad natalina, principalmente a<br>los liceos de la comuna, 3ero y 4to medio, con el objetivo de que conozcan la<br>profesi\u00f3n y se empapen de lo que realizamos d\u00eda a d\u00eda\u201d, indic\u00f3 la profesional.<\/p>\n\n\n\n<p>Por su parte, el director del recinto asistencial, Ricardo Moya M\u00e1rquez, enfatiz\u00f3<br>en la importancia que tienen este tipo de instancias para fortalecer la red y<br>generar un mayor v\u00ednculo con la comunidad.<br>\u201cEs una actividad dirigida a la comunidad, lo cual es una excelente iniciativa<br>que muestra la labor diaria de los enfermeros y enfermeras de nuestro<br>establecimiento para que la comunidad conozca su trabajo. La instancia<br>permiti\u00f3 mostrar a los liceos la implementaci\u00f3n, como a su vez, los alumnos<br>tuvieron la posibilidad de conocer un poco m\u00e1s all\u00e1 conforme al aprendizaje<br>te\u00f3rico por parte de nuestros profesionales\u201d.<br>Adem\u00e1s, agreg\u00f3 que \u201ctodos los que deseen participar y mostrar sus<br>actividades, tantos funcionarios, jefaturas, subdirecciones, gremios, siempre<br>va a ser positivo para fortalecer los v\u00ednculos y utilizar los espacios en beneficio<br>de nuestros usuarios y comunidad\u201d, coment\u00f3 el director del hospital\u201d.<br>Finalmente, Brian Bahamonde, psic\u00f3logo y encargado de la visita del Liceo<br>Salesiano de Puerto Natales, coment\u00f3 que \u201choy nos toc\u00f3 concurrir con<br>estudiantes de 3ero y 4to medio a esta actividad. Estamos en un proceso<br>sumamente importante para ellos que es el proceso de selecci\u00f3n vocacional.<br>Comprendemos que cada estudiante tiene sus propias necesidades e<br>intentamos incentivar en ellos la posibilidad de explorar diversas \u00e1reas que les<br>motive. Hoy, estamos con m\u00e1s de 40 estudiantes que estaban interesados en<br>venir y conocer m\u00e1s de cerca la profesi\u00f3n de la enfermer\u00eda\u201d, finaliz\u00f3 el docente.<\/p>\n","protected":false},"excerpt":{"rendered":"<p>La ciudadan\u00eda, usuarios de la red salud y equipo directivo del Hospital deNatales reconocen la importancia de los profesionales de la salud. La vocaci\u00f3nde enfermeros (as) es incuestionable, y ha&#8230; <a class=\"read-more\" href=\"https:\/\/www.radiopresidenteibanez.cl\/web\/asociacion-de-enfermeros-y-enfermeras-asenf-del-hospital-de-natales-realizan-exitosa-exposicion-informativa-y-practica-de-servicios-clinicos-dirigido-a-la-comunidad\/\">Leer m\u00e1s<\/a><\/p>\n","protected":false},"author":2,"featured_media":39643,"comment_status":"closed","ping_status":"closed","sticky":false,"template":"","format":"standard","meta":{"footnotes":""},"categories":[1],"tags":[],"class_list":["post-39642","post","type-post","status-publish","format-standard","has-post-thumbnail","hentry","category-cronica"],"_links":{"self":[{"href":"https:\/\/www.radiopresidenteibanez.cl\/web\/wp-json\/wp\/v2\/posts\/39642","targetHints":{"allow":["GET"]}}],"collection":[{"href":"https:\/\/www.radiopresidenteibanez.cl\/web\/wp-json\/wp\/v2\/posts"}],"about":[{"href":"https:\/\/www.radiopresidenteibanez.cl\/web\/wp-json\/wp\/v2\/types\/post"}],"author":[{"embeddable":true,"href":"https:\/\/www.radiopresidenteibanez.cl\/web\/wp-json\/wp\/v2\/users\/2"}],"replies":[{"embeddable":true,"href":"https:\/\/www.radiopresidenteibanez.cl\/web\/wp-json\/wp\/v2\/comments?post=39642"}],"version-history":[{"count":0,"href":"https:\/\/www.radiopresidenteibanez.cl\/web\/wp-json\/wp\/v2\/posts\/39642\/revisions"}],"wp:featuredmedia":[{"embeddable":true,"href":"https:\/\/www.radiopresidenteibanez.cl\/web\/wp-json\/wp\/v2\/media\/39643"}],"wp:attachment":[{"href":"https:\/\/www.radiopresidenteibanez.cl\/web\/wp-json\/wp\/v2\/media?parent=39642"}],"wp:term":[{"taxonomy":"category","embeddable":true,"href":"https:\/\/www.radiopresidenteibanez.cl\/web\/wp-json\/wp\/v2\/categories?post=39642"},{"taxonomy":"post_tag","embeddable":true,"href":"https:\/\/www.radiopresidenteibanez.cl\/web\/wp-json\/wp\/v2\/tags?post=39642"}],"curies":[{"name":"wp","href":"https:\/\/api.w.org\/{rel}","templated":true}]}}