{"id":39633,"date":"2023-05-13T18:17:00","date_gmt":"2023-05-13T21:17:00","guid":{"rendered":"https:\/\/www.radiopresidenteibanez.cl\/web\/?p=39633"},"modified":"2023-05-13T20:50:53","modified_gmt":"2023-05-13T23:50:53","slug":"seremi-minvu-aclara-interpretacion-del-diputado-christian-matheson-respecto-al-programa-fondo-solidario-de-eleccion-de-vivienda","status":"publish","type":"post","link":"https:\/\/www.radiopresidenteibanez.cl\/web\/seremi-minvu-aclara-interpretacion-del-diputado-christian-matheson-respecto-al-programa-fondo-solidario-de-eleccion-de-vivienda\/","title":{"rendered":"Seremi MINVU aclara interpretaci\u00f3n del Diputado Christian Matheson respecto al Programa Fondo Solidario de Elecci\u00f3n de Vivienda"},"content":{"rendered":"\n<p>El Seremi de Vivienda y Urbanismo, Marco Uribe Saldivia, aclar\u00f3 la interpretaci\u00f3n vertida por el Diputado Christian Matheson a trav\u00e9s de diferentes medios de comunicaci\u00f3n, respecto a uno de los puntos que aborda el programa para la obtenci\u00f3n de viviendas sin deuda por parte de familias en condici\u00f3n de vulnerabilidad.<\/p>\n\n\n\n<p>Se trata de una comunicaci\u00f3n emitida esta semana donde el Diputado afirma que las autoridades regionales \u201cpretenden bajar a 12 meses la vigencia del puntaje menor de las familias que hayan ingresado al Sistema Minvu Conecta con anterioridad a la presentaci\u00f3n del proyecto habitacional\u201d. Al respecto, el Seremi de Vivienda desminti\u00f3 dicha informaci\u00f3n y precis\u00f3 que el plazo de vigencia de 12 meses del tramo inferior del Registro Social de Hogares est\u00e1 establecido en el Decreto Supremo N\u00b049 del 2011 y sus modificaciones, no obstante, el nivel central del MINVU, tiene las facultades para estipular las condiciones espec\u00edficas de cada Llamado a postulaci\u00f3n, pudiendo extender dicho plazo, como ocurre con el Llamado Vigente mediante Resoluci\u00f3n Exenta N\u00b0663 del 27 de marzo del 2023, donde se establece 36 meses de conservaci\u00f3n del tramo.<\/p>\n\n\n\n<p>La autoridad de vivienda llam\u00f3 a no instrumentalizar la necesidad habitacional de las familias ya que a trav\u00e9s del Plan de Emergencia Habitacional se est\u00e1 enfrentando la urgencia de las familias de sectores vulnerables y medios de manera responsable y con cifras elocuentes, como es la meta de entregar 3500 viviendas llave en mano en el periodo, con cobertura regional,&nbsp; de las cu\u00e1les se han entregado 896 viviendas a la fecha, se encuentran en ejecuci\u00f3n 1840 soluciones habitacionales y por iniciar obras 896 viviendas m\u00e1s. Subray\u00f3 que durante el 2022 se otorgaron m\u00e1s de 1300 subsidios para sectores vulnerables todos asociados a terreno y proyecto.<\/p>\n\n\n\n<p>El Seremi de Vivienda y Urbanismo, Marco Uribe Saldivia indic\u00f3 \u201cEn d\u00edas pasados, fue recepcionada en nuestra Seremi, una carta dirigida al Ministro Carlos Montes por diez agrupaciones de vivienda, manifestando dichos similares a los emitidos por el Diputado Christian Matheson. Es preocupante que el parlamentario se haga eco o difunda una interpretaci\u00f3n incorrecta de nuestra normativa, al se\u00f1alar, por ejemplo, que es de inter\u00e9s regional reducir la vigencia del tramo del Registro Social de Hogares o que los comit\u00e9s de vivienda se encuentran en b\u00fasqueda de proyectos asociados a subsidios DS49, ya que son las mismas Entidades Patrocinantes activas las que, mediante convenio con los dirigentes, formulan los proyectos t\u00e9cnicos para su postulaci\u00f3n.<\/p>\n\n\n\n<p>Cabe mencionar que el Departamento de Operaciones Habitacionales de SERVIU ha efectuado charlas informativas abordando con claridad los plazos estipulados en el Decreto Supremo D.S.49, con agrupaciones de vivienda que a\u00fan no cuentan con Entidad Patrocinante. Se les ha orientado con el fin de que conozcan con claridad los requisitos de formulaci\u00f3n y posterior postulaci\u00f3n de un proyecto habitacional, con lo que se busca evitar que se registre nuevamente la entrega de informaci\u00f3n incorrecta que genera angustia en familias con urgencia habitacional.<\/p>\n\n\n\n<p>La autoridad invit\u00f3 a las agrupaciones a continuar en la identificaci\u00f3n de Entidades Patrocinantes activas a fin de que, mediante la firma de un convenio, inicien la formulaci\u00f3n de sus proyectos de vivienda en terrenos h\u00e1biles para fines habitacionales, lo que incluye la organizaci\u00f3n de las familias seg\u00fan lo establece el D.S. N\u00b049, la formulaci\u00f3n del proyecto t\u00e9cnico, jur\u00eddico y econ\u00f3mico para su ingreso al SERVIU.<\/p>\n","protected":false},"excerpt":{"rendered":"<p>El Seremi de Vivienda y Urbanismo, Marco Uribe Saldivia, aclar\u00f3 la interpretaci\u00f3n vertida por el Diputado Christian Matheson a trav\u00e9s de diferentes medios de comunicaci\u00f3n, respecto a uno de los&#8230; <a class=\"read-more\" href=\"https:\/\/www.radiopresidenteibanez.cl\/web\/seremi-minvu-aclara-interpretacion-del-diputado-christian-matheson-respecto-al-programa-fondo-solidario-de-eleccion-de-vivienda\/\">Leer m\u00e1s<\/a><\/p>\n","protected":false},"author":2,"featured_media":39634,"comment_status":"closed","ping_status":"closed","sticky":false,"template":"","format":"standard","meta":{"footnotes":""},"categories":[1],"tags":[],"class_list":["post-39633","post","type-post","status-publish","format-standard","has-post-thumbnail","hentry","category-cronica"],"_links":{"self":[{"href":"https:\/\/www.radiopresidenteibanez.cl\/web\/wp-json\/wp\/v2\/posts\/39633","targetHints":{"allow":["GET"]}}],"collection":[{"href":"https:\/\/www.radiopresidenteibanez.cl\/web\/wp-json\/wp\/v2\/posts"}],"about":[{"href":"https:\/\/www.radiopresidenteibanez.cl\/web\/wp-json\/wp\/v2\/types\/post"}],"author":[{"embeddable":true,"href":"https:\/\/www.radiopresidenteibanez.cl\/web\/wp-json\/wp\/v2\/users\/2"}],"replies":[{"embeddable":true,"href":"https:\/\/www.radiopresidenteibanez.cl\/web\/wp-json\/wp\/v2\/comments?post=39633"}],"version-history":[{"count":0,"href":"https:\/\/www.radiopresidenteibanez.cl\/web\/wp-json\/wp\/v2\/posts\/39633\/revisions"}],"wp:featuredmedia":[{"embeddable":true,"href":"https:\/\/www.radiopresidenteibanez.cl\/web\/wp-json\/wp\/v2\/media\/39634"}],"wp:attachment":[{"href":"https:\/\/www.radiopresidenteibanez.cl\/web\/wp-json\/wp\/v2\/media?parent=39633"}],"wp:term":[{"taxonomy":"category","embeddable":true,"href":"https:\/\/www.radiopresidenteibanez.cl\/web\/wp-json\/wp\/v2\/categories?post=39633"},{"taxonomy":"post_tag","embeddable":true,"href":"https:\/\/www.radiopresidenteibanez.cl\/web\/wp-json\/wp\/v2\/tags?post=39633"}],"curies":[{"name":"wp","href":"https:\/\/api.w.org\/{rel}","templated":true}]}}