{"id":39615,"date":"2023-05-12T15:41:00","date_gmt":"2023-05-12T18:41:00","guid":{"rendered":"https:\/\/www.radiopresidenteibanez.cl\/web\/?p=39615"},"modified":"2023-05-12T11:16:22","modified_gmt":"2023-05-12T14:16:22","slug":"asume-nueva-subdirectora-de-unidad-de-apoyo-tecnico-pedagogico-en-servicio-local-de-educacion-publica-de-magallanes","status":"publish","type":"post","link":"https:\/\/www.radiopresidenteibanez.cl\/web\/asume-nueva-subdirectora-de-unidad-de-apoyo-tecnico-pedagogico-en-servicio-local-de-educacion-publica-de-magallanes\/","title":{"rendered":"ASUME NUEVA SUBDIRECTORA DE UNIDAD DE APOYO T\u00c9CNICO PEDAG\u00d3GICO EN SERVICIO LOCAL DE EDUCACI\u00d3N P\u00daBLICA DE MAGALLANES"},"content":{"rendered":"\n<p>El nombramiento de la subdirectora de la Unidad de Apoyo T\u00e9cnico Pedag\u00f3gico del SLEP Magallanes, se llev\u00f3 a cabo a trav\u00e9s del proceso de Alta Direcci\u00f3n P\u00fablica (ADP), que lleva adelante el Servicio Civil, elecci\u00f3n que recay\u00f3 en la profesional Elizabeth Ar\u00e1nguiz Rivera.<\/p>\n\n\n\n<p>La nueva subdirectora es Profesora de Educaci\u00f3n Diferencial de la Universidad Austral de Valdivia, Magister en Educaci\u00f3n de la Universidad Arturo Prat y en Gesti\u00f3n Curricular y Proyecto Educativo de la Universidad Andr\u00e9s Bello. Adem\u00e1s, es M\u00e1ster en Administraci\u00f3n Educacional de EDE Business School Universidad Europea de Madrid y Diplomada en Gesti\u00f3n y Elaboraci\u00f3n de Proyectos; Dise\u00f1o Curricular, Metodolog\u00edas y Evaluaci\u00f3n de Aprendizaje de la Universidad Andr\u00e9s Bello. Actualmente candidata a Doctora en Psicolog\u00eda especialidad Trabajo y Organizaciones. Su experiencia en educaci\u00f3n se remonta a m\u00e1s de 25 a\u00f1os de experiencia en todos los niveles del sistema educativo, desempe\u00f1ando distintos cargos en el sector p\u00fablico y privado.<\/p>\n\n\n\n<p><strong>Elizabeth Ar\u00e1nguiz Rivera<\/strong>, agradeci\u00f3 la oportunidad de desempe\u00f1arse en este nuevo Servicio, declarando sentirse contenta y motivada por integrarse a este equipo de trabajo con grandes desaf\u00edos. \u201cEspero desarrollar un trabajo colaborativo con cada uno de los directores y equipos t\u00e9cnicos pedag\u00f3gicos de los establecimientos de la regi\u00f3n que se sumar\u00e1n a la educaci\u00f3n p\u00fablica, para fortalecer las capacidades y los aprendizajes de calidad para nuestros ni\u00f1os, ni\u00f1as y j\u00f3venes, integrando la gesti\u00f3n pedag\u00f3gica y curricular, el liderazgo directivo, la convivencia escolar, la inclusi\u00f3n educativa y el apoyo psicosocial a los estudiantes. Adem\u00e1s, acompa\u00f1aremos los procesos del Plan de Mejoramiento Educativo de cada comunidad educativa con una mirada a corto, mediano y largo plazo.\u201d<\/p>\n\n\n\n<p>El arribo de la nueva profesional al Servicio Local de Educaci\u00f3n P\u00fablica de Magallanes fue destacado por el director ejecutivo Mario Garc\u00eda Mart\u00ednez, quien la present\u00f3 formalmente al equipo regional y al Seremi de Educaci\u00f3n de Magallanes, Valent\u00edn Aguilera G\u00f3mez.<\/p>\n\n\n\n<p>\u201cA partir de hoy contamos con una profesional de alto nivel, quien asume el desaf\u00edo de liderar el apoyo a la gesti\u00f3n de los establecimientos el que se realizar\u00e1 considerando sus proyectos educativos institucionales y las necesidades de cada comunidad educativa, atendiendo especialmente a las caracter\u00edsticas de los estudiantes y las particularidades del territorio en que se emplazan. Ser\u00e1, sin duda, un trabajo coordinado con el Ministerio de Educaci\u00f3n que apoyar\u00e1 la reactivaci\u00f3n educativa\u201d, dijo&nbsp;<strong>Mario Garc\u00eda.<\/strong><\/p>\n\n\n\n<p>Esto fue ratificado por el&nbsp;<strong>Seremi de educaci\u00f3n, Valent\u00edn Aguilera G\u00f3mez.<\/strong>&nbsp;\u201cHemos compartido con la nueva jefa de la Unidad de Apoyo T\u00e9cnico Pedag\u00f3gico del Servicio Local de Educaci\u00f3n P\u00fablica el trabajo en conjunto que estamos realizando entre la Secreduc, la Deprov y el SLEP, as\u00ed como la gran tarea que tenemos por delante como pa\u00eds con el Plan de Reactivaci\u00f3n Educativa para enfrentar las consecuencias que el periodo de pandemia ha dejado en nuestras comunidades educativas. Tambi\u00e9n conversamos sobre los diferentes desaf\u00edos pedag\u00f3gicos que Magallanes tiene, contemplando la sustentabilidad, el desarrollo cient\u00edfico y el conocimiento ant\u00e1rtico como elementos claves para el territorio\u201d.<\/p>\n\n\n\n<p><strong>Unidad Apoyo T\u00e9cnico Pedag\u00f3gico<\/strong><\/p>\n\n\n\n<p>La Unidad de Apoyo T\u00e9cnico Pedag\u00f3gico (UATP) del Servicio Local de Educaci\u00f3n P\u00fablica de Magallanes tiene como objetivo articular la entrega de apoyo y acompa\u00f1amiento pedag\u00f3gico y gesti\u00f3n de los establecimientos educacionales considerando para ello sus Proyectos Educativos Institucionales (PEI), Planes de Mejoramiento Educativo (PME) y las necesidades de cada comunidad educativa, y atendiendo especialmente a las caracter\u00edsticas de los estudiantes y las particularidades del territorio en que dichas comunidades se emplazan.<\/p>\n\n\n\n<p><strong>Subdirecci\u00f3n de Planificaci\u00f3n y Control de Gesti\u00f3n<\/strong><\/p>\n\n\n\n<p>Este nombramiento se suma a la puesta en marcha de la Subdirecci\u00f3n de Planificaci\u00f3n y Control de Gesti\u00f3n, que desde octubre de 2022 se encuentra funcionando y a cargo del Ingeniero Comercial Jorge Vald\u00e9s Or\u00f3stica, profesional egresado de la Universidad de Talca.<\/p>\n\n\n\n<p>Con una vasta experiencia en \u00e1reas de administraci\u00f3n, gesti\u00f3n y control, el ejecutivo tambi\u00e9n fue reclutado por el sistema ADP, poniendo a disposici\u00f3n su trabajo en avanzar en el presupuesto con miras al traspaso del servicio educativo que se inicia el 1 de enero de 2024.<\/p>\n\n\n\n<p>El mismo proceso de selecci\u00f3n permitir\u00e1 llenar los cupos restantes para las subdirecciones de Administraci\u00f3n y Finanzas; Gesti\u00f3n de Personas e Infraestructura y Mantenimiento.<\/p>\n","protected":false},"excerpt":{"rendered":"<p>El nombramiento de la subdirectora de la Unidad de Apoyo T\u00e9cnico Pedag\u00f3gico del SLEP Magallanes, se llev\u00f3 a cabo a trav\u00e9s del proceso de Alta Direcci\u00f3n P\u00fablica (ADP), que lleva&#8230; <a class=\"read-more\" href=\"https:\/\/www.radiopresidenteibanez.cl\/web\/asume-nueva-subdirectora-de-unidad-de-apoyo-tecnico-pedagogico-en-servicio-local-de-educacion-publica-de-magallanes\/\">Leer m\u00e1s<\/a><\/p>\n","protected":false},"author":2,"featured_media":39616,"comment_status":"closed","ping_status":"closed","sticky":false,"template":"","format":"standard","meta":{"footnotes":""},"categories":[1],"tags":[],"class_list":["post-39615","post","type-post","status-publish","format-standard","has-post-thumbnail","hentry","category-cronica"],"_links":{"self":[{"href":"https:\/\/www.radiopresidenteibanez.cl\/web\/wp-json\/wp\/v2\/posts\/39615","targetHints":{"allow":["GET"]}}],"collection":[{"href":"https:\/\/www.radiopresidenteibanez.cl\/web\/wp-json\/wp\/v2\/posts"}],"about":[{"href":"https:\/\/www.radiopresidenteibanez.cl\/web\/wp-json\/wp\/v2\/types\/post"}],"author":[{"embeddable":true,"href":"https:\/\/www.radiopresidenteibanez.cl\/web\/wp-json\/wp\/v2\/users\/2"}],"replies":[{"embeddable":true,"href":"https:\/\/www.radiopresidenteibanez.cl\/web\/wp-json\/wp\/v2\/comments?post=39615"}],"version-history":[{"count":0,"href":"https:\/\/www.radiopresidenteibanez.cl\/web\/wp-json\/wp\/v2\/posts\/39615\/revisions"}],"wp:featuredmedia":[{"embeddable":true,"href":"https:\/\/www.radiopresidenteibanez.cl\/web\/wp-json\/wp\/v2\/media\/39616"}],"wp:attachment":[{"href":"https:\/\/www.radiopresidenteibanez.cl\/web\/wp-json\/wp\/v2\/media?parent=39615"}],"wp:term":[{"taxonomy":"category","embeddable":true,"href":"https:\/\/www.radiopresidenteibanez.cl\/web\/wp-json\/wp\/v2\/categories?post=39615"},{"taxonomy":"post_tag","embeddable":true,"href":"https:\/\/www.radiopresidenteibanez.cl\/web\/wp-json\/wp\/v2\/tags?post=39615"}],"curies":[{"name":"wp","href":"https:\/\/api.w.org\/{rel}","templated":true}]}}