{"id":39609,"date":"2023-05-12T13:50:00","date_gmt":"2023-05-12T16:50:00","guid":{"rendered":"https:\/\/www.radiopresidenteibanez.cl\/web\/?p=39609"},"modified":"2023-05-12T11:09:29","modified_gmt":"2023-05-12T14:09:29","slug":"as-de-oros-lleva-su-folclore-patagonico-a-las-plataformas-digitales-con-el-lanzamiento-de-patagonia-en-spotify-y-otros-servicios-de-streaming","status":"publish","type":"post","link":"https:\/\/www.radiopresidenteibanez.cl\/web\/as-de-oros-lleva-su-folclore-patagonico-a-las-plataformas-digitales-con-el-lanzamiento-de-patagonia-en-spotify-y-otros-servicios-de-streaming\/","title":{"rendered":"AS DE OROS LLEVA SU FOLCLORE PATAGONICO A LAS PLATAFORMAS DIGITALES CON EL LANZAMIENTO DE \u00abPATAGONIA\u00bb EN SPOTIFY Y OTROS SERVICIOS DE STREAMING"},"content":{"rendered":"\n<p>La banda regional As de Oros ha lanzado su \u00faltima producci\u00f3n discogr\u00e1fica, \u00abPatagonia\u00bb, para el deleite de los fan\u00e1ticos del folclore patag\u00f3nico. El \u00e1lbum, que conmemora los 10 a\u00f1os de trayectoria musical del d\u00fao, fue estrenado originalmente el 21 de junio de 2022 y se ha presentado en varios escenarios importantes en Magallanes, incluyendo el Festival Estudiantil en La Patagonia, Festival Latinoamericano Liceo Industrial de Punta Arenas y en el aniversario de la Ilustre Municipalidad de Torres del Paine, junto al Ballet Folcl\u00f3rico Nacional BAFONA, generando una gran aceptaci\u00f3n del p\u00fablico.<\/p>\n\n\n\n<p><strong><em>\u00abComo broche de Oro, este 2023 tenemos todas las ganas de mostrar este trabajo en El Festival en La Patagonia, creemos que ser\u00eda una buena vitrina para acercar a las generaciones m\u00e1s j\u00f3venes a este evento t\u00e1n importante, ser\u00eda un premio gigante para nuestros 10 a\u00f1os de carrera musical en la regi\u00f3n de Magallanes\u00bb, comenta Ariel Torres, integrante del d\u00fao.<\/em><\/strong><\/p>\n\n\n\n<p>As de Oros ha decidido llevar su m\u00fasica a un p\u00fablico m\u00e1s amplio a trav\u00e9s del lanzamiento del \u00e1lbum en las principales plataformas de streaming, incluyendo Spotify, YouTube y m\u00e1s de 30 plataformas digitales a nivel mundial. La obra musical, que combina los tintes del folclore patag\u00f3nico y las sonoridades antiguas de los grandes cantautores australes con toques modernos del neofolclore, ha recibido cr\u00edticas muy positivas por parte de la prensa especializada.<\/p>\n\n\n\n<p>As de Oros ha sido una influencia para las nuevas generaciones y con perseverancia demuestra que a pesar del fr\u00edo, de la lejan\u00eda de la regi\u00f3n y del viento patag\u00f3nico, las cosas se pueden forjar bajo un manto de convicci\u00f3n y perseverancia.<\/p>\n\n\n\n<p>En el mes de junio, As de Oros tiene preparada una sorpresa importante, estar\u00e1 presentando esta obra en vivo para celebrar este gran hito que cumple un a\u00f1o de vida y la vez presentar\u00e1 su nuevo videoclip&nbsp;el cu\u00e1l es la continuidad&nbsp;de este \u00e1lbum.<\/p>\n\n\n\n<p>Si eres un amante del folclore patag\u00f3nico, \u00a1no te pierdas esta oportunidad de conocer el sonido aut\u00e9ntico y poderoso de As de Oros!<\/p>\n\n\n\n<p>B\u00fascanos en Spotify como As de Oros o de forma directa en nuestra web&nbsp;<a href=\"http:\/\/www.asdeorosrock.cl\/\" target=\"_blank\" rel=\"noreferrer noopener\">www.asdeorosrock.cl<\/a>&nbsp;<\/p>\n","protected":false},"excerpt":{"rendered":"<p>La banda regional As de Oros ha lanzado su \u00faltima producci\u00f3n discogr\u00e1fica, \u00abPatagonia\u00bb, para el deleite de los fan\u00e1ticos del folclore patag\u00f3nico. El \u00e1lbum, que conmemora los 10 a\u00f1os de&#8230; <a class=\"read-more\" href=\"https:\/\/www.radiopresidenteibanez.cl\/web\/as-de-oros-lleva-su-folclore-patagonico-a-las-plataformas-digitales-con-el-lanzamiento-de-patagonia-en-spotify-y-otros-servicios-de-streaming\/\">Leer m\u00e1s<\/a><\/p>\n","protected":false},"author":2,"featured_media":39610,"comment_status":"closed","ping_status":"closed","sticky":false,"template":"","format":"standard","meta":{"footnotes":""},"categories":[1],"tags":[],"class_list":["post-39609","post","type-post","status-publish","format-standard","has-post-thumbnail","hentry","category-cronica"],"_links":{"self":[{"href":"https:\/\/www.radiopresidenteibanez.cl\/web\/wp-json\/wp\/v2\/posts\/39609","targetHints":{"allow":["GET"]}}],"collection":[{"href":"https:\/\/www.radiopresidenteibanez.cl\/web\/wp-json\/wp\/v2\/posts"}],"about":[{"href":"https:\/\/www.radiopresidenteibanez.cl\/web\/wp-json\/wp\/v2\/types\/post"}],"author":[{"embeddable":true,"href":"https:\/\/www.radiopresidenteibanez.cl\/web\/wp-json\/wp\/v2\/users\/2"}],"replies":[{"embeddable":true,"href":"https:\/\/www.radiopresidenteibanez.cl\/web\/wp-json\/wp\/v2\/comments?post=39609"}],"version-history":[{"count":0,"href":"https:\/\/www.radiopresidenteibanez.cl\/web\/wp-json\/wp\/v2\/posts\/39609\/revisions"}],"wp:featuredmedia":[{"embeddable":true,"href":"https:\/\/www.radiopresidenteibanez.cl\/web\/wp-json\/wp\/v2\/media\/39610"}],"wp:attachment":[{"href":"https:\/\/www.radiopresidenteibanez.cl\/web\/wp-json\/wp\/v2\/media?parent=39609"}],"wp:term":[{"taxonomy":"category","embeddable":true,"href":"https:\/\/www.radiopresidenteibanez.cl\/web\/wp-json\/wp\/v2\/categories?post=39609"},{"taxonomy":"post_tag","embeddable":true,"href":"https:\/\/www.radiopresidenteibanez.cl\/web\/wp-json\/wp\/v2\/tags?post=39609"}],"curies":[{"name":"wp","href":"https:\/\/api.w.org\/{rel}","templated":true}]}}