{"id":396,"date":"2019-01-11T23:59:27","date_gmt":"2019-01-11T23:59:27","guid":{"rendered":"http:\/\/www.radiopresidenteibanez.cl\/web\/?p=396"},"modified":"2019-01-12T00:00:02","modified_gmt":"2019-01-12T00:00:02","slug":"presidente-junto-a-la-primera-dama-realizaron-la-inauguracion-del-centro-de-dia-del-adulto-mayor","status":"publish","type":"post","link":"https:\/\/www.radiopresidenteibanez.cl\/web\/presidente-junto-a-la-primera-dama-realizaron-la-inauguracion-del-centro-de-dia-del-adulto-mayor\/","title":{"rendered":"PRESIDENTE JUNTO A LA PRIMERA DAMA REALIZARON LA INAUGURACI\u00d3N DEL CENTRO DE D\u00cdA DEL ADULTO MAYOR"},"content":{"rendered":"\n<p>Presidente, Sebasti\u00e1n Pi\u00f1era junto a la Primera Dama, Cecilia Morel, se encuentran realizaron la inauguraci\u00f3n del Centro de D\u00eda Adulto Mayor en Punta Arenas, que se encuentra ubicado en Avenida Fre\u00ed, sector norte de nuestra ciudad.<\/p>\n","protected":false},"excerpt":{"rendered":"<p>Presidente, Sebasti\u00e1n Pi\u00f1era junto a la Primera Dama, Cecilia Morel, se encuentran realizaron la inauguraci\u00f3n del Centro de D\u00eda Adulto Mayor en Punta Arenas, que se encuentra ubicado en Avenida&#8230; <a class=\"read-more\" href=\"https:\/\/www.radiopresidenteibanez.cl\/web\/presidente-junto-a-la-primera-dama-realizaron-la-inauguracion-del-centro-de-dia-del-adulto-mayor\/\">Leer m\u00e1s<\/a><\/p>\n","protected":false},"author":2,"featured_media":397,"comment_status":"closed","ping_status":"closed","sticky":false,"template":"","format":"standard","meta":{"footnotes":""},"categories":[5],"tags":[],"class_list":["post-396","post","type-post","status-publish","format-standard","has-post-thumbnail","hentry","category-politica"],"_links":{"self":[{"href":"https:\/\/www.radiopresidenteibanez.cl\/web\/wp-json\/wp\/v2\/posts\/396","targetHints":{"allow":["GET"]}}],"collection":[{"href":"https:\/\/www.radiopresidenteibanez.cl\/web\/wp-json\/wp\/v2\/posts"}],"about":[{"href":"https:\/\/www.radiopresidenteibanez.cl\/web\/wp-json\/wp\/v2\/types\/post"}],"author":[{"embeddable":true,"href":"https:\/\/www.radiopresidenteibanez.cl\/web\/wp-json\/wp\/v2\/users\/2"}],"replies":[{"embeddable":true,"href":"https:\/\/www.radiopresidenteibanez.cl\/web\/wp-json\/wp\/v2\/comments?post=396"}],"version-history":[{"count":0,"href":"https:\/\/www.radiopresidenteibanez.cl\/web\/wp-json\/wp\/v2\/posts\/396\/revisions"}],"wp:featuredmedia":[{"embeddable":true,"href":"https:\/\/www.radiopresidenteibanez.cl\/web\/wp-json\/wp\/v2\/media\/397"}],"wp:attachment":[{"href":"https:\/\/www.radiopresidenteibanez.cl\/web\/wp-json\/wp\/v2\/media?parent=396"}],"wp:term":[{"taxonomy":"category","embeddable":true,"href":"https:\/\/www.radiopresidenteibanez.cl\/web\/wp-json\/wp\/v2\/categories?post=396"},{"taxonomy":"post_tag","embeddable":true,"href":"https:\/\/www.radiopresidenteibanez.cl\/web\/wp-json\/wp\/v2\/tags?post=396"}],"curies":[{"name":"wp","href":"https:\/\/api.w.org\/{rel}","templated":true}]}}