{"id":3956,"date":"2019-05-07T00:08:29","date_gmt":"2019-05-07T00:08:29","guid":{"rendered":"http:\/\/www.radiopresidenteibanez.cl\/web\/?p=3956"},"modified":"2019-05-07T00:09:08","modified_gmt":"2019-05-07T00:09:08","slug":"mas-de-10-mil-pensionados-recibiran-el-bono-invierno-en-magallanes","status":"publish","type":"post","link":"https:\/\/www.radiopresidenteibanez.cl\/web\/mas-de-10-mil-pensionados-recibiran-el-bono-invierno-en-magallanes\/","title":{"rendered":"M\u00c1S DE 10 MIL PENSIONADOS RECIBIR\u00c1N EL BONO INVIERNO EN MAGALLANES"},"content":{"rendered":"\n<p>A partir del pasado 2\nde mayo m\u00e1s de un mill\u00f3n 262 mil pensionados y pensionadas a nivel nacional\ncomenzaron a recibir el esperado pago del llamado Bono Invierno, beneficio\necon\u00f3mico que el gobierno entrega a las personas mayores de 65 a\u00f1os con el\nobjetivo de ayudar a enfrentar de mejor manera los gastos asociados a la \u00e9poca\ninvernal, que siempre aumentan.<\/p>\n\n\n\n<p>As\u00ed fue comentado por\nla Seremi del Trabajo y Previsi\u00f3n Social, Victoria Cort\u00e9s Schiattino, junto a\nla directora (s) del Instituto de Previsi\u00f3n Social (IPS) Magallanes, Julia\nMu\u00f1oz Canales, quienes esta ma\u00f1ana visitaron a una de las beneficiarias de esta\nayuda estatal para hacer entrega del monto que le corresponde y, junto a ella,\ninformar el inicio del pago de este beneficio.<\/p>\n\n\n\n<p>\u201cEn un esfuerzo\nimportante que realiza el gobierno del Presidente Sebasti\u00e1n Pi\u00f1era, el pago de\neste Bono Invierno se est\u00e1 entregando a partir del pasado 2 de mayo. Por lo\nmismo, vinimos a visitar a do\u00f1a Rosita, que es una de las 10 mil beneficiadas\nde este beneficio aqu\u00ed en Magallanes. Esta ayuda econ\u00f3mica implica una\ninversi\u00f3n de m\u00e1s de 640 millones de pesos en la regi\u00f3n y a nivel pa\u00eds son m\u00e1s\nde 1 mill\u00f3n 262 mil adultos mayores beneficiados\u201d, explic\u00f3 Cort\u00e9s. <\/p>\n\n\n\n<p>Para este a\u00f1o, el\nmonto del beneficio ascendi\u00f3 a la suma de 62.791 pesos y corresponde a una\nayuda de cargo fiscal, no imputable ni tributable.&nbsp; Los requisitos para acceder al mismo son: Tener\n65 o m\u00e1s a\u00f1os de edad cumplidos al 1 de mayo y tener pensiones iguales o inferiores\na 161.680 pesos.<\/p>\n\n\n\n<p>La seremi agreg\u00f3 que\n\u201ccomo parte del gobierno del Presidente Sebasti\u00e1n Pi\u00f1era, estamos muy conscientes\nde que los adultos mayores esperan este bono, puesto que surgen tantos\nimprevistos en los meses de invierno, son los meses m\u00e1s duros, hay gastos\nextraordinarios, as\u00ed que estamos agradecidos de do\u00f1a Rosita, quien nos abri\u00f3\nlas puertas de su casa para traerle el mensaje de nuestro ministro Nicol\u00e1s\nMonckeberg, esperando que este monto le caiga muy bien en esta \u00e9poca\u201d.<\/p>\n\n\n\n<p>En la regi\u00f3n, son\n10.179 el total de beneficiarios de este bono, el cual no requiere tr\u00e1mite\nprevio, dado que el beneficio viene incluido en el pago que cada pensionado\nrecibe este mes, por tanto, la pensi\u00f3n se ver\u00e1 aumentada de forma autom\u00e1tica en\nsu pago del mes de mayo. No obstante, las autoridades del Trabajo hicieron el\nllamado a quienes tengan dudas respecto a la recepci\u00f3n de este beneficio a\nacercarse a las oficinas de ChileAtiende m\u00e1s cercano o llamar a trav\u00e9s del Call\nCenter 101 habilitado para esta consulta.<\/p>\n\n\n\n<p>De todas maneras,\nseg\u00fan explic\u00f3 Mu\u00f1oz, el IPS realiza visitas a terreno para dar cobertura a\naquellas personas con alguna dificultad para efectuar el cobro de su pensi\u00f3n.\n\u201cNosotros hacemos un trabajo en conjunto con la Seremi del Trabajo para difundir\neste beneficio. La idea es llegar a la totalidad de nuestros adultos mayores.\nEn esta oportunidad, vinimos a ver a una persona que est\u00e1 imposibilitada de\nsalir, pero la idea es que la gente no pierda los beneficios\u201d, explic\u00f3. <\/p>\n\n\n\n<p>Para Rosita Aguilar, pensionada recientemente y con imposibilidad de realizar el cobro fuera de su casa, recibi\u00f3 el pago de su bono de mano de las autoridades del trabajo, agradeciendo esta ayuda. \u201cEs primera vez que recibo este bono, tengo que comprar algunos remedios, adem\u00e1s de ir al m\u00e9dico, as\u00ed que es una muy buena ayuda, los gastos han subido as\u00ed que sirve mucho para eso. Adem\u00e1s, soy apoderada de un t\u00edo que tiene 77 a\u00f1os y que tambi\u00e9n recibe al bono, as\u00ed que es una doble ayuda, estoy muy agradecida de que hayan venido\u201d, expres\u00f3. La autoridad record\u00f3 que en caso de dificultad para movilizarse al centro de pago de su pensi\u00f3n, el apoderado debe acercarse a las oficinas de IPS con el o los carn\u00e9 de identidad de los beneficiarios para consultar por el pago. Asimismo, se puede solicitar una visita a los funcionarios de IPS que estar\u00e1n realizando salidas para efectuar entrega de pagos a quienes lo requieran. <\/p>\n\n\n\n<figure class=\"wp-block-image\"><img loading=\"lazy\" decoding=\"async\" width=\"1024\" height=\"768\" src=\"https:\/\/www.radiopresidenteibanez.cl\/web\/wp-content\/uploads\/2019\/05\/IMG_001-1024x768.jpg\" alt=\"\" class=\"wp-image-3957\" srcset=\"https:\/\/www.radiopresidenteibanez.cl\/web\/wp-content\/uploads\/2019\/05\/IMG_001.jpg 1024w, https:\/\/www.radiopresidenteibanez.cl\/web\/wp-content\/uploads\/2019\/05\/IMG_001-300x225.jpg 300w, https:\/\/www.radiopresidenteibanez.cl\/web\/wp-content\/uploads\/2019\/05\/IMG_001-768x576.jpg 768w\" sizes=\"auto, (max-width: 1024px) 100vw, 1024px\" \/><\/figure>\n","protected":false},"excerpt":{"rendered":"<p>A partir del pasado 2 de mayo m\u00e1s de un mill\u00f3n 262 mil pensionados y pensionadas a nivel nacional comenzaron a recibir el esperado pago del llamado Bono Invierno, beneficio&#8230; <a class=\"read-more\" href=\"https:\/\/www.radiopresidenteibanez.cl\/web\/mas-de-10-mil-pensionados-recibiran-el-bono-invierno-en-magallanes\/\">Leer m\u00e1s<\/a><\/p>\n","protected":false},"author":2,"featured_media":3957,"comment_status":"closed","ping_status":"closed","sticky":false,"template":"","format":"standard","meta":{"footnotes":""},"categories":[1],"tags":[],"class_list":["post-3956","post","type-post","status-publish","format-standard","has-post-thumbnail","hentry","category-cronica"],"_links":{"self":[{"href":"https:\/\/www.radiopresidenteibanez.cl\/web\/wp-json\/wp\/v2\/posts\/3956","targetHints":{"allow":["GET"]}}],"collection":[{"href":"https:\/\/www.radiopresidenteibanez.cl\/web\/wp-json\/wp\/v2\/posts"}],"about":[{"href":"https:\/\/www.radiopresidenteibanez.cl\/web\/wp-json\/wp\/v2\/types\/post"}],"author":[{"embeddable":true,"href":"https:\/\/www.radiopresidenteibanez.cl\/web\/wp-json\/wp\/v2\/users\/2"}],"replies":[{"embeddable":true,"href":"https:\/\/www.radiopresidenteibanez.cl\/web\/wp-json\/wp\/v2\/comments?post=3956"}],"version-history":[{"count":0,"href":"https:\/\/www.radiopresidenteibanez.cl\/web\/wp-json\/wp\/v2\/posts\/3956\/revisions"}],"wp:featuredmedia":[{"embeddable":true,"href":"https:\/\/www.radiopresidenteibanez.cl\/web\/wp-json\/wp\/v2\/media\/3957"}],"wp:attachment":[{"href":"https:\/\/www.radiopresidenteibanez.cl\/web\/wp-json\/wp\/v2\/media?parent=3956"}],"wp:term":[{"taxonomy":"category","embeddable":true,"href":"https:\/\/www.radiopresidenteibanez.cl\/web\/wp-json\/wp\/v2\/categories?post=3956"},{"taxonomy":"post_tag","embeddable":true,"href":"https:\/\/www.radiopresidenteibanez.cl\/web\/wp-json\/wp\/v2\/tags?post=3956"}],"curies":[{"name":"wp","href":"https:\/\/api.w.org\/{rel}","templated":true}]}}