{"id":39553,"date":"2023-05-11T08:23:00","date_gmt":"2023-05-11T11:23:00","guid":{"rendered":"https:\/\/www.radiopresidenteibanez.cl\/web\/?p=39553"},"modified":"2023-05-11T08:18:08","modified_gmt":"2023-05-11T11:18:08","slug":"habitantes-de-san-gregoriotendran-asesoria-juridica-gratuita","status":"publish","type":"post","link":"https:\/\/www.radiopresidenteibanez.cl\/web\/habitantes-de-san-gregoriotendran-asesoria-juridica-gratuita\/","title":{"rendered":"HABITANTES DE SAN GREGORIOTENDR\u00c1N ASESOR\u00cdA JUR\u00cdDICA GRATUITA"},"content":{"rendered":"\n<p>En uno de sus viajes m\u00e1s extensos, hasta villa Punta Delgada -170 kil\u00f3metros al norte de Punta<br>Arenas- llegaron los directivos de la Corporaci\u00f3n de Asistencia Judicial R.M. (CAJ Metro) Alejandro<br>D\u00edaz Letelier y Jaime Fuentes Purran, con motivo de la firma de un convenio de colaboraci\u00f3n<br>conjunta con Ia Municipalidad de San Gregorio, para el asesoramiento jur\u00eddico-social de las y los<br>habitantes de aquella apartada localidad.<br>Dicho instrumento fue suscrito entre el Director General de la CAJ Metro, Alejandro D\u00edaz, y el<br>Alcalde (S) de la comuna, Jorge Mu\u00f1oz Torres, a quienes acompa\u00f1aron el Presidente del Consejo<br>Directivo de la Corporaci\u00f3n, Jaime Fuentes, junto a la Seremi de Justicia y DD.HH. de Magallanes,<br>Michelle Peutat Alvarado, el Director Regional de la CAJ, Alejandro Donatti Ot\u00e1rola, y concejales y<br>concejalas de la comuna.<br>Dicho acuerdo fue recibido con benepl\u00e1cito por la comunidad. Con m\u00e1s de cinco d\u00e9cadas de<br>residencia en la villa, Mar\u00eda Ang\u00e9lica Hern\u00e1ndez expres\u00f3 que para ella significa \u201cun tremendo<br>avance en todo el \u00e1mbito judicial, y tambi\u00e9n para cada uno de sus habitantes, porque a\u00f1os atr\u00e1s<br>era impensable tener este servicio ac\u00e1, entonces nuestro Chile est\u00e1 creciendo igualitariamente, que<br>es important\u00edsimo\u201d.<br>Para el Alcalde (S) Jorge Mu\u00f1oz este convenio es una forma de acercar tambi\u00e9n la justicia a cada<br>vecino o vecina, pues desplazarse a Punta Arenas les significa dos horas en bus, y \u201ces<br>pr\u00e1cticamente perder el d\u00eda completo por hacer un tr\u00e1mite en la comuna de Punta Arenas. Ya<br>teni\u00e9ndolos ac\u00e1 simplifica costos y tiempo\u201d. En principio se pensar\u00eda habilitar un espacio en el<br>edificio municipal, para que se puedan desarrollar de forma adecuada las entrevistas y tr\u00e1mites<br>que la comunidad lleve adelante con la Corporaci\u00f3n.<br>Alejandro D\u00edaz, Director General de la CAJ, destac\u00f3 el celebrar este nuevo convenio anual -que se<br>renueva autom\u00e1ticamente a\u00f1o a a\u00f1o- para acercar a la justicia a trav\u00e9s de las visitas de<br>profesionales a la comuna, y tambi\u00e9n con atenci\u00f3n de manera remota: \u201cLa idea en este puntapi\u00e9<br>inicial es acercar la justicia a las personas, ir al lugar adonde est\u00e1n ellas, y hacer orientaci\u00f3n y<br>formaci\u00f3n y patrocinio judicial, y ofrecer todos los servicios que tiene la Corporaci\u00f3n\u201d. Asimismo,<br>proyectan hacer capacitaciones a la ciudadan\u00eda para que conozcan sus derechos y c\u00f3mo ejercerlos,<br>y el uso de herramientas judiciales sin la necesidad de patrocinio de un abogado como ser\u00eda<br>ocupar la oficina judicial virtual.<\/p>\n\n\n\n<p>La Seremi Michelle Peutat valor\u00f3 en este acto dos ejes esenciales de su gesti\u00f3n en Magallanes,<br>como el mandato de brindar un igualitario acceso a la justicia en todo el territorio, y la prioridad<br>presidencial de brindar m\u00e1s conectividad en la regi\u00f3n, a trav\u00e9s de la presencia de los distintos<br>servicios del Estado en cada comuna de Magallanes. Subray\u00f3 la visita del Director General de la<br>CAJ, como tambi\u00e9n del presidente del directorio, en una instancia que ayuda a mostrar la realidad<br>de Magallanes, y agradeci\u00f3 el compromiso y disposici\u00f3n de la municipalidad de San Gregorio para<br>acoger esta propuesta de atenciones, que ha tenido excelentes resultados en otras comunas<br>rurales, y que espera que sea tambi\u00e9n de mucha utilidad para esta localidad.<br>Dentro de este mandato de hacer presencia y acercar la justicia a los territorios, los directivos de la<br>CAJ visitar\u00edan hoy mi\u00e9rcoles Puerto Natales junto a la Seremi de Justicia, para reunirse con sus<br>autoridades e ir buscando nuevas alternativas de convenio o de trabajo conjunto para poder ir<br>acercando la justicia a la gente. Por otra parte, el d\u00eda lunes sostuvieron una reuni\u00f3n con el<br>Gobernador Regional de Magallanes, Jorge Flies A\u00f1\u00f3n.<\/p>\n","protected":false},"excerpt":{"rendered":"<p>En uno de sus viajes m\u00e1s extensos, hasta villa Punta Delgada -170 kil\u00f3metros al norte de PuntaArenas- llegaron los directivos de la Corporaci\u00f3n de Asistencia Judicial R.M. (CAJ Metro) AlejandroD\u00edaz&#8230; <a class=\"read-more\" href=\"https:\/\/www.radiopresidenteibanez.cl\/web\/habitantes-de-san-gregoriotendran-asesoria-juridica-gratuita\/\">Leer m\u00e1s<\/a><\/p>\n","protected":false},"author":2,"featured_media":39554,"comment_status":"closed","ping_status":"closed","sticky":false,"template":"","format":"standard","meta":{"footnotes":""},"categories":[1],"tags":[],"class_list":["post-39553","post","type-post","status-publish","format-standard","has-post-thumbnail","hentry","category-cronica"],"_links":{"self":[{"href":"https:\/\/www.radiopresidenteibanez.cl\/web\/wp-json\/wp\/v2\/posts\/39553","targetHints":{"allow":["GET"]}}],"collection":[{"href":"https:\/\/www.radiopresidenteibanez.cl\/web\/wp-json\/wp\/v2\/posts"}],"about":[{"href":"https:\/\/www.radiopresidenteibanez.cl\/web\/wp-json\/wp\/v2\/types\/post"}],"author":[{"embeddable":true,"href":"https:\/\/www.radiopresidenteibanez.cl\/web\/wp-json\/wp\/v2\/users\/2"}],"replies":[{"embeddable":true,"href":"https:\/\/www.radiopresidenteibanez.cl\/web\/wp-json\/wp\/v2\/comments?post=39553"}],"version-history":[{"count":0,"href":"https:\/\/www.radiopresidenteibanez.cl\/web\/wp-json\/wp\/v2\/posts\/39553\/revisions"}],"wp:featuredmedia":[{"embeddable":true,"href":"https:\/\/www.radiopresidenteibanez.cl\/web\/wp-json\/wp\/v2\/media\/39554"}],"wp:attachment":[{"href":"https:\/\/www.radiopresidenteibanez.cl\/web\/wp-json\/wp\/v2\/media?parent=39553"}],"wp:term":[{"taxonomy":"category","embeddable":true,"href":"https:\/\/www.radiopresidenteibanez.cl\/web\/wp-json\/wp\/v2\/categories?post=39553"},{"taxonomy":"post_tag","embeddable":true,"href":"https:\/\/www.radiopresidenteibanez.cl\/web\/wp-json\/wp\/v2\/tags?post=39553"}],"curies":[{"name":"wp","href":"https:\/\/api.w.org\/{rel}","templated":true}]}}