{"id":39550,"date":"2023-05-10T17:43:00","date_gmt":"2023-05-10T20:43:00","guid":{"rendered":"https:\/\/www.radiopresidenteibanez.cl\/web\/?p=39550"},"modified":"2023-05-10T15:45:36","modified_gmt":"2023-05-10T18:45:36","slug":"alcalde-de-primavera-avanza-en-gestiones-para-concretar-traspaso-ordenado-al-servicio-local-de-educacion-publica-de-magallanes","status":"publish","type":"post","link":"https:\/\/www.radiopresidenteibanez.cl\/web\/alcalde-de-primavera-avanza-en-gestiones-para-concretar-traspaso-ordenado-al-servicio-local-de-educacion-publica-de-magallanes\/","title":{"rendered":"ALCALDE DE PRIMAVERA AVANZA EN GESTIONES PARA CONCRETAR TRASPASO ORDENADO AL SERVICIO LOCAL DE EDUCACI\u00d3N P\u00daBLICA DE MAGALLANES"},"content":{"rendered":"\n<p>Para actualizar informaci\u00f3n sobre el estado de avance del proceso de traspaso a la nueva educaci\u00f3n p\u00fablica, lleg\u00f3 hasta las oficinas del SLEP Magallanes, el alcalde de la comuna de Primavera Blagomir Brztilo Avenda\u00f1o, visita que incluy\u00f3 a la sostenedora de la Escuela Cerro Sombrero Claudia Sabando.<\/p>\n\n\n\n<p>En la comuna de Primavera son 2 los establecimientos municipales que ser\u00e1n traspasados al SLEP Magallanes: el \u201cJard\u00edn infantil y Sala Cuna Pastorcitos\u201d y la \u201cEscuela Cerro Sombrero\u201d, que en total re\u00fanen a 68 estudiantes, de los cuales 10 se encuentran en educaci\u00f3n parvularia. La escuela funciona con 9 docentes y 9 asistentes de la educaci\u00f3n en modalidades de Pre-B\u00e1sica (2do. Nivel de Transici\u00f3n o K\u00ednder) y Educaci\u00f3n General B\u00e1sica (1\u00b0 a 8\u00b0 b\u00e1sico).<\/p>\n\n\n\n<p>Como lo inform\u00f3 el alcalde Brztilo, la reuni\u00f3n permiti\u00f3 adelantar acciones para resolver algunas de las particulares necesidades de la comuna, como es asegurar el transporte de los estudiantes desde y hacia Cerro Sombrero, y que se realiza a diario en \u00e9poca escolar Adem\u00e1s la colaboraci\u00f3n que entrega ENAP (Empresa Nacional del Petr\u00f3leo) al facilitar viviendas para docentes que laboran en la escuela.<\/p>\n\n\n\n<p>\u201cNuestra comuna es bastante particular, que incluye temas que debemos resolver con tiempo. Hoy nos hemos comprometido a gestionar acuerdos con la Empresa Nacional del Petr\u00f3leo y otros alcaldes tambi\u00e9n para ir viendo de qu\u00e9 manera podemos establecer convenios de colaboraci\u00f3n mutua que, a futuro, nos beneficien a todos en la provincia\u201d, asegur\u00f3 el <strong>Alcalde de Primavera Blagomir Brzstilo<\/strong>.<\/p>\n\n\n\n<p>Junto a lo anterior, la autoridad comunal comprometi\u00f3 su apoyo para trabajar desde ya y de manera coordinada y ordenada \u201cpara que no se generen trastornos que puedan provocar problemas en este sistema que es nuevo para todos\u201d, dijo.<\/p>\n\n\n\n<p>Por su parte, el <strong>director ejecutivo del Servicio Local de Educaci\u00f3n P\u00fablica de Magallanes, Mario Garcia Mart\u00ednez,<\/strong> reiter\u00f3 que, en el caso de las comunas peque\u00f1as, se seguir\u00e1 trabajando en red con las municipalidades. \u201cLa escuela de Cerro Sombrero est\u00e1 inserta en una zona de mucho aislamiento, en la cual tendremos que imprimir una mirada especial que permita otorgar a los ni\u00f1os y ni\u00f1as, la oportunidad de acceder a una educaci\u00f3n de calidad con pertinencia local y apoyo adicional para docentes y asistentes de la educaci\u00f3n que desempe\u00f1an funciones all\u00ed\u201d, dijo.<\/p>\n\n\n\n<p>Finalmente, Mario Garc\u00eda reiter\u00f3 el trabajo anticipado que se est\u00e1 llevando a cabo con alcaldes y alcaldesas de comunas rurales a quienes se ha comprometido el esfuerzo del SLEP Magallanes por garantizar que las necesidades de estas comunas est\u00e9n resueltas antes del traspaso, reconociendo con ello el rol gravitante que la educaci\u00f3n tiene en estas zonas, no solamente al entregar educaci\u00f3n sino tambi\u00e9n manteniendo viva la identidad local, siendo aporte en el desarrollo comunitario y creando v\u00ednculos con las y los estudiantes, sus familias y la comunidad.<\/p>\n","protected":false},"excerpt":{"rendered":"<p>Para actualizar informaci\u00f3n sobre el estado de avance del proceso de traspaso a la nueva educaci\u00f3n p\u00fablica, lleg\u00f3 hasta las oficinas del SLEP Magallanes, el alcalde de la comuna de&#8230; <a class=\"read-more\" href=\"https:\/\/www.radiopresidenteibanez.cl\/web\/alcalde-de-primavera-avanza-en-gestiones-para-concretar-traspaso-ordenado-al-servicio-local-de-educacion-publica-de-magallanes\/\">Leer m\u00e1s<\/a><\/p>\n","protected":false},"author":2,"featured_media":39551,"comment_status":"closed","ping_status":"closed","sticky":false,"template":"","format":"standard","meta":{"footnotes":""},"categories":[1],"tags":[],"class_list":["post-39550","post","type-post","status-publish","format-standard","has-post-thumbnail","hentry","category-cronica"],"_links":{"self":[{"href":"https:\/\/www.radiopresidenteibanez.cl\/web\/wp-json\/wp\/v2\/posts\/39550","targetHints":{"allow":["GET"]}}],"collection":[{"href":"https:\/\/www.radiopresidenteibanez.cl\/web\/wp-json\/wp\/v2\/posts"}],"about":[{"href":"https:\/\/www.radiopresidenteibanez.cl\/web\/wp-json\/wp\/v2\/types\/post"}],"author":[{"embeddable":true,"href":"https:\/\/www.radiopresidenteibanez.cl\/web\/wp-json\/wp\/v2\/users\/2"}],"replies":[{"embeddable":true,"href":"https:\/\/www.radiopresidenteibanez.cl\/web\/wp-json\/wp\/v2\/comments?post=39550"}],"version-history":[{"count":0,"href":"https:\/\/www.radiopresidenteibanez.cl\/web\/wp-json\/wp\/v2\/posts\/39550\/revisions"}],"wp:featuredmedia":[{"embeddable":true,"href":"https:\/\/www.radiopresidenteibanez.cl\/web\/wp-json\/wp\/v2\/media\/39551"}],"wp:attachment":[{"href":"https:\/\/www.radiopresidenteibanez.cl\/web\/wp-json\/wp\/v2\/media?parent=39550"}],"wp:term":[{"taxonomy":"category","embeddable":true,"href":"https:\/\/www.radiopresidenteibanez.cl\/web\/wp-json\/wp\/v2\/categories?post=39550"},{"taxonomy":"post_tag","embeddable":true,"href":"https:\/\/www.radiopresidenteibanez.cl\/web\/wp-json\/wp\/v2\/tags?post=39550"}],"curies":[{"name":"wp","href":"https:\/\/api.w.org\/{rel}","templated":true}]}}