{"id":39532,"date":"2023-05-10T11:05:00","date_gmt":"2023-05-10T14:05:00","guid":{"rendered":"https:\/\/www.radiopresidenteibanez.cl\/web\/?p=39532"},"modified":"2023-05-10T09:37:51","modified_gmt":"2023-05-10T12:37:51","slug":"aun-queda-tiempo-para-postular-al-fondo-concursable-de-aguas-magallanes","status":"publish","type":"post","link":"https:\/\/www.radiopresidenteibanez.cl\/web\/aun-queda-tiempo-para-postular-al-fondo-concursable-de-aguas-magallanes\/","title":{"rendered":"A\u00daN QUEDA TIEMPO PARA POSTULAR AL FONDO CONCURSABLE DE AGUAS MAGALLANES"},"content":{"rendered":"\n<p>Resta s\u00f3lo una semana para concluir la primera etapa del proceso de postulaci\u00f3n al Fondo Concursable de Desarrollo Comunitario de Aguas Magallanes. La compa\u00f1\u00eda record\u00f3 que para ingresar los proyectos (uno por organizaci\u00f3n) se debe realizar a trav\u00e9s de la plataforma virtual desde el sitio&nbsp;<a href=\"http:\/\/www.aguasmagallanes.cl\/\" target=\"_blank\" rel=\"noreferrer noopener\">www.aguasmagallanes.cl<\/a>&nbsp;donde est\u00e1 disponible toda la informaci\u00f3n necesaria y requisitos para cumplir con la admisibilidad.<\/p>\n\n\n\n<p>&nbsp;<br>Aguas Magallanes detall\u00f3 que, de acuerdo con lo establecido en las bases de postulaci\u00f3n, el pr\u00f3ximo viernes (19 de mayo), a las 17:00 horas, concluir\u00e1 la primera etapa de la duod\u00e9cima versi\u00f3n de su Fondo Concursable. \u201cPor ello, hacemos un llamado a todas las Uniones Comunales, Juntas de Vecinos, Clubes de Adultos Mayores, Clubes Deportivos, Organizaciones Ind\u00edgenas, Condominios Sociales con Comit\u00e9 de Administraci\u00f3n y Bomberos, que desarrollen sus actividades dentro del territorio donde la empresa atiende a sus clientes entregando el servicio de agua potable y\/o alcantarillado, a realizar sus postulaciones lo antes posible y as\u00ed evitar cualquier inconveniente de \u00faltima hora\u201d, explic\u00f3 Johanna Reyes Neira, gerente de Clientes de la compa\u00f1\u00eda.<\/p>\n\n\n\n<p><br>De esta forma, organizaciones de Puerto Natales, Porvenir, Punta Arenas y Puerto Williams, que cuenten con un m\u00ednimo de seis meses de antig\u00fcedad, podr\u00e1n presentar proyectos orientados al mejoramiento de espacios comunitarios; equipamiento de sedes comunitarias y organizaciones sociales y clubes deportivos; medio ambiente y buen uso del recurso h\u00eddrico.<br><\/p>\n","protected":false},"excerpt":{"rendered":"<p>Resta s\u00f3lo una semana para concluir la primera etapa del proceso de postulaci\u00f3n al Fondo Concursable de Desarrollo Comunitario de Aguas Magallanes. La compa\u00f1\u00eda record\u00f3 que para ingresar los proyectos&#8230; <a class=\"read-more\" href=\"https:\/\/www.radiopresidenteibanez.cl\/web\/aun-queda-tiempo-para-postular-al-fondo-concursable-de-aguas-magallanes\/\">Leer m\u00e1s<\/a><\/p>\n","protected":false},"author":2,"featured_media":39533,"comment_status":"closed","ping_status":"closed","sticky":false,"template":"","format":"standard","meta":{"footnotes":""},"categories":[1],"tags":[],"class_list":["post-39532","post","type-post","status-publish","format-standard","has-post-thumbnail","hentry","category-cronica"],"_links":{"self":[{"href":"https:\/\/www.radiopresidenteibanez.cl\/web\/wp-json\/wp\/v2\/posts\/39532","targetHints":{"allow":["GET"]}}],"collection":[{"href":"https:\/\/www.radiopresidenteibanez.cl\/web\/wp-json\/wp\/v2\/posts"}],"about":[{"href":"https:\/\/www.radiopresidenteibanez.cl\/web\/wp-json\/wp\/v2\/types\/post"}],"author":[{"embeddable":true,"href":"https:\/\/www.radiopresidenteibanez.cl\/web\/wp-json\/wp\/v2\/users\/2"}],"replies":[{"embeddable":true,"href":"https:\/\/www.radiopresidenteibanez.cl\/web\/wp-json\/wp\/v2\/comments?post=39532"}],"version-history":[{"count":0,"href":"https:\/\/www.radiopresidenteibanez.cl\/web\/wp-json\/wp\/v2\/posts\/39532\/revisions"}],"wp:featuredmedia":[{"embeddable":true,"href":"https:\/\/www.radiopresidenteibanez.cl\/web\/wp-json\/wp\/v2\/media\/39533"}],"wp:attachment":[{"href":"https:\/\/www.radiopresidenteibanez.cl\/web\/wp-json\/wp\/v2\/media?parent=39532"}],"wp:term":[{"taxonomy":"category","embeddable":true,"href":"https:\/\/www.radiopresidenteibanez.cl\/web\/wp-json\/wp\/v2\/categories?post=39532"},{"taxonomy":"post_tag","embeddable":true,"href":"https:\/\/www.radiopresidenteibanez.cl\/web\/wp-json\/wp\/v2\/tags?post=39532"}],"curies":[{"name":"wp","href":"https:\/\/api.w.org\/{rel}","templated":true}]}}