{"id":3952,"date":"2019-05-07T00:01:32","date_gmt":"2019-05-07T00:01:32","guid":{"rendered":"http:\/\/www.radiopresidenteibanez.cl\/web\/?p=3952"},"modified":"2019-05-07T00:02:22","modified_gmt":"2019-05-07T00:02:22","slug":"exitosa-presentacion-de-abel-pintos-en-el-segundo-show-masivo-del-aniversario-108-de-puerto-natales","status":"publish","type":"post","link":"https:\/\/www.radiopresidenteibanez.cl\/web\/exitosa-presentacion-de-abel-pintos-en-el-segundo-show-masivo-del-aniversario-108-de-puerto-natales\/","title":{"rendered":"EXITOSA PRESENTACI\u00d3N DE ABEL PINTOS EN EL SEGUNDO SHOW MASIVO DEL ANIVERSARIO 108 DE PUERTO NATALES"},"content":{"rendered":"\n<p>En una noche\ncargada de fervor y canciones rom\u00e1nticas, se llev\u00f3 a cabo la segunda jornada de\nshow masivos preparados para festejar los 108 a\u00f1os de la ciudad. Al Parque Eusebio\nLillo llegaron miles de personas a disfrutar de la presentaci\u00f3n del artista\ninternacional, Abel Pintos, adem\u00e1s de una nueva aparici\u00f3n de las candidatas al\ntrono de Puerto Natales.<\/p>\n\n\n\n<p>Los fan\u00e1ticos\nargentinos fueron los primeros en llegar al anfiteatro natalino, siendo la\nmayor\u00eda de las localidades de R\u00edo Turbio, 28 de Noviembre y R\u00edo Gallegos, los\ncuales tomaron pronta ubicaci\u00f3n para disfrutar la fiesta musical de m\u00e1s de dos\nhoras preparada por la Ilustre Municipalidad de Natales.<\/p>\n\n\n\n<p>La m\u00e1xima autoridad comunal, Fernando Paredes Mansilla, se\u00f1al\u00f3 que tendr\u00e1n eventos todo el mes de mayo, para que lo pueda celebrar \u00a0la regi\u00f3n de Magallanes y la Patagonia Argentina. \u201cLa parrilla est\u00e1 pensada para distintos segmentos de p\u00fablico. El Concejo Municipal y en lo personal como alcalde siempre hemos pensado en que tenemos que entregarle una alegr\u00eda a nuestra gente, tenemos que alegrarle el coraz\u00f3n y desde ese punto de vista estas actividades gratuitas masivas son un verdadero regalo que la gente natalina se merece\u201d, sostuvo.<\/p>\n\n\n\n<p>Abel Pintos, cantautor argentino, se mostr\u00f3 contento por la gran recepci\u00f3n del p\u00fablico local. \u201cEs mi primera vez ac\u00e1, eso siempre genera una sensaci\u00f3n especial, sobretodo porque vamos a estar todo el concierto deseando que el p\u00fablico disfrute para que ojal\u00e1 en el futuro tengamos la posibilidad de regresar, adem\u00e1s esta noche vamos a terminar la gira que lleva un a\u00f1o bajo el mismo t\u00edtulo \u201cLa familia festeja fuerte\u201d. El int\u00e9rprete destac\u00f3 el t\u00e9rmino de su gira en la Patagonia, pero consider\u00f3 que es el fin de un nuevo comienzo para volver a Puerto Natales con un nuevo disco en el marco de una gira nacional por Chile. <\/p>\n\n\n\n<p>El evento\ncont\u00f3 con la presencia de las candidatas a reina, las que realizaron un breve\ndesfile en el escenario del Parque Eusebio Lillo, generando un alto fervor en\nlas galer\u00edas por el apoyo entregado por el p\u00fablico a cada una de las mujeres en\ncompetencia. <\/p>\n\n\n\n<p>Las actividades de aniversario contin\u00faan hoy lunes con la presentaci\u00f3n de las candidatas al ante los medios de comunicaci\u00f3n regional. Continuando\u00a0 el d\u00eda viernes con un Caf\u00e9 Concert animado por el periodista Amaro G\u00f3mez Pablos, y el s\u00e1bado con el tradicional encuentro de m\u00fasica chilota \u201cEl Acordeonazo\u201d, culminando el fin de semana con una competencia de Mountainbike Municipal en el Estadio V\u00edctor B\u00f3rquez Miranda.<\/p>\n\n\n\n<ul class=\"wp-block-gallery columns-2 is-cropped wp-block-gallery-1 is-layout-flex wp-block-gallery-is-layout-flex\"><li class=\"blocks-gallery-item\"><figure><img loading=\"lazy\" decoding=\"async\" width=\"1024\" height=\"682\" src=\"https:\/\/www.radiopresidenteibanez.cl\/web\/wp-content\/uploads\/2019\/05\/WhatsApp-Image-2019-05-06-at-09.58.09-1024x682.jpeg\" alt=\"\" data-id=\"3953\" data-link=\"https:\/\/www.radiopresidenteibanez.cl\/web\/?attachment_id=3953\" class=\"wp-image-3953\" srcset=\"https:\/\/www.radiopresidenteibanez.cl\/web\/wp-content\/uploads\/2019\/05\/WhatsApp-Image-2019-05-06-at-09.58.09-1024x682.jpeg 1024w, https:\/\/www.radiopresidenteibanez.cl\/web\/wp-content\/uploads\/2019\/05\/WhatsApp-Image-2019-05-06-at-09.58.09-300x200.jpeg 300w, https:\/\/www.radiopresidenteibanez.cl\/web\/wp-content\/uploads\/2019\/05\/WhatsApp-Image-2019-05-06-at-09.58.09-768x512.jpeg 768w, https:\/\/www.radiopresidenteibanez.cl\/web\/wp-content\/uploads\/2019\/05\/WhatsApp-Image-2019-05-06-at-09.58.09.jpeg 1280w\" sizes=\"auto, (max-width: 1024px) 100vw, 1024px\" \/><\/figure><\/li><li class=\"blocks-gallery-item\"><figure><img loading=\"lazy\" decoding=\"async\" width=\"1024\" height=\"682\" src=\"https:\/\/www.radiopresidenteibanez.cl\/web\/wp-content\/uploads\/2019\/05\/WhatsApp-Image-2019-05-06-at-10.01.38-1024x682.jpeg\" alt=\"\" data-id=\"3954\" data-link=\"https:\/\/www.radiopresidenteibanez.cl\/web\/?attachment_id=3954\" class=\"wp-image-3954\" srcset=\"https:\/\/www.radiopresidenteibanez.cl\/web\/wp-content\/uploads\/2019\/05\/WhatsApp-Image-2019-05-06-at-10.01.38-1024x682.jpeg 1024w, https:\/\/www.radiopresidenteibanez.cl\/web\/wp-content\/uploads\/2019\/05\/WhatsApp-Image-2019-05-06-at-10.01.38-300x200.jpeg 300w, https:\/\/www.radiopresidenteibanez.cl\/web\/wp-content\/uploads\/2019\/05\/WhatsApp-Image-2019-05-06-at-10.01.38-768x512.jpeg 768w, https:\/\/www.radiopresidenteibanez.cl\/web\/wp-content\/uploads\/2019\/05\/WhatsApp-Image-2019-05-06-at-10.01.38.jpeg 1280w\" sizes=\"auto, (max-width: 1024px) 100vw, 1024px\" \/><\/figure><\/li><\/ul>\n","protected":false},"excerpt":{"rendered":"<p>En una noche cargada de fervor y canciones rom\u00e1nticas, se llev\u00f3 a cabo la segunda jornada de show masivos preparados para festejar los 108 a\u00f1os de la ciudad. Al Parque&#8230; <a class=\"read-more\" href=\"https:\/\/www.radiopresidenteibanez.cl\/web\/exitosa-presentacion-de-abel-pintos-en-el-segundo-show-masivo-del-aniversario-108-de-puerto-natales\/\">Leer m\u00e1s<\/a><\/p>\n","protected":false},"author":2,"featured_media":3953,"comment_status":"closed","ping_status":"closed","sticky":false,"template":"","format":"standard","meta":{"footnotes":""},"categories":[1],"tags":[],"class_list":["post-3952","post","type-post","status-publish","format-standard","has-post-thumbnail","hentry","category-cronica"],"_links":{"self":[{"href":"https:\/\/www.radiopresidenteibanez.cl\/web\/wp-json\/wp\/v2\/posts\/3952","targetHints":{"allow":["GET"]}}],"collection":[{"href":"https:\/\/www.radiopresidenteibanez.cl\/web\/wp-json\/wp\/v2\/posts"}],"about":[{"href":"https:\/\/www.radiopresidenteibanez.cl\/web\/wp-json\/wp\/v2\/types\/post"}],"author":[{"embeddable":true,"href":"https:\/\/www.radiopresidenteibanez.cl\/web\/wp-json\/wp\/v2\/users\/2"}],"replies":[{"embeddable":true,"href":"https:\/\/www.radiopresidenteibanez.cl\/web\/wp-json\/wp\/v2\/comments?post=3952"}],"version-history":[{"count":0,"href":"https:\/\/www.radiopresidenteibanez.cl\/web\/wp-json\/wp\/v2\/posts\/3952\/revisions"}],"wp:featuredmedia":[{"embeddable":true,"href":"https:\/\/www.radiopresidenteibanez.cl\/web\/wp-json\/wp\/v2\/media\/3953"}],"wp:attachment":[{"href":"https:\/\/www.radiopresidenteibanez.cl\/web\/wp-json\/wp\/v2\/media?parent=3952"}],"wp:term":[{"taxonomy":"category","embeddable":true,"href":"https:\/\/www.radiopresidenteibanez.cl\/web\/wp-json\/wp\/v2\/categories?post=3952"},{"taxonomy":"post_tag","embeddable":true,"href":"https:\/\/www.radiopresidenteibanez.cl\/web\/wp-json\/wp\/v2\/tags?post=3952"}],"curies":[{"name":"wp","href":"https:\/\/api.w.org\/{rel}","templated":true}]}}