{"id":39514,"date":"2023-05-09T16:18:00","date_gmt":"2023-05-09T19:18:00","guid":{"rendered":"https:\/\/www.radiopresidenteibanez.cl\/web\/?p=39514"},"modified":"2023-05-09T15:16:33","modified_gmt":"2023-05-09T18:16:33","slug":"el-60-de-quienes-rinden-examen-teorico-para-obtener-licencia-de-conducir-reprueba","status":"publish","type":"post","link":"https:\/\/www.radiopresidenteibanez.cl\/web\/el-60-de-quienes-rinden-examen-teorico-para-obtener-licencia-de-conducir-reprueba\/","title":{"rendered":"EL 60% DE QUIENES RINDEN EXAMEN TE\u00d3RICO PARA OBTENER LICENCIA DE CONDUCIR REPRUEBA"},"content":{"rendered":"\n<p>&nbsp;La Direcci\u00f3n de Tr\u00e1nsito, ubicada en calle 21 de mayo 1133, retom\u00f3 su horario normal de atenci\u00f3n, principalmente para lo que tiene relaci\u00f3n con la obtenci\u00f3n y renovaci\u00f3n de licencias de conducir.<\/p>\n\n\n\n<p>Es por ello, que el Director de dicha dependencia, Marcel Berm\u00fadez, hizo un llamado a las personas que tienen su documento vencido o que requieren obtener su licencia, se acerquen a las oficinas municipales para concretar dicho tr\u00e1mite, de lunes a viernes entre las 8:15 y 13 horas por las ma\u00f1anas, y de 14:30 a 16:30 horas por las tardes, pero s\u00f3lo para retiro de documentos.<\/p>\n\n\n\n<p>\u201cLlevamos varios meses trabajando para poder solucionar y mejorar los tiempos de espera para las licencias de conducir, luego de las constantes prorrogas que se realizaron producto de la pandemia. Estamos volviendo a los tiempos normales de espera, ya que una persona que requiera hacer el tr\u00e1mite hoy d\u00eda, podr\u00eda sacar su licencia en 3 semanas aproximadamente\u201d, detall\u00f3 Berm\u00fadez.<\/p>\n\n\n\n<p>En tanto, el Alcalde Claudio Radonich destac\u00f3 el trabajo de la Direcci\u00f3n de Tr\u00e1nsito para poder optimizar los tiempos de espera en la obtenci\u00f3n de licencias de conducir y la renovaci\u00f3n de las mismas.<\/p>\n\n\n\n<p>\u201cHemos realizado un esfuerzo importante para poder mejorar los procesos y sobretodo los tiempos de espera para las licencias, invirtiendo recursos para aumentar los turnos en el inicio del a\u00f1o 2023, por lo que tambi\u00e9n pedimos responsabilidad de quienes solicitan horas, puesto que nos hemos encontrado con personas que no llegan a la citaci\u00f3n o no se preparan para los ex\u00e1menes\u201d.<\/p>\n\n\n\n<p>De igual forma, el jefe comunal agreg\u00f3 que \u201ca la fecha llevamos cerca de 8 mil 500 tr\u00e1mites vinculados a todo lo que refiere a la Direcci\u00f3n de Tr\u00e1nsito, como por ejemplo, controles de licencia, primeros otorgamientos, cambios de domicilio, duplicados, lo que implica un 75 % de todo lo que pudimos avanzar durante el 2022.<\/p>\n\n\n\n<p>Asimismo, el Director de Tr\u00e1nsito adelant\u00f3 que \u201ctenemos proyectado atender 2 mil tr\u00e1mites por mes, aumentando un 130% respecto al a\u00f1o anterior\u201d.<\/p>\n\n\n\n<p>En cuanto a los datos entregados desde el municipio respecto a quienes llegan a rendir el examen te\u00f3rico, no son muy alentadores, ya que seg\u00fan la informaci\u00f3n proporcionada, la tasa de reprobaci\u00f3n para la obtenci\u00f3n de la primera licencia de conducir, supera el 60%, dato que habla de una falta de preparaci\u00f3n y responsabilidad de los postulantes.<\/p>\n\n\n\n<p>En cuanto a la renovaci\u00f3n, Berm\u00fadez reiter\u00f3 que es importante que las personas revisen su licencia, con el fin de verificar si requieren o no una consulta m\u00e9dica previa para poder avanzar en la tramitaci\u00f3n.<\/p>\n","protected":false},"excerpt":{"rendered":"<p>&nbsp;La Direcci\u00f3n de Tr\u00e1nsito, ubicada en calle 21 de mayo 1133, retom\u00f3 su horario normal de atenci\u00f3n, principalmente para lo que tiene relaci\u00f3n con la obtenci\u00f3n y renovaci\u00f3n de licencias&#8230; <a class=\"read-more\" href=\"https:\/\/www.radiopresidenteibanez.cl\/web\/el-60-de-quienes-rinden-examen-teorico-para-obtener-licencia-de-conducir-reprueba\/\">Leer m\u00e1s<\/a><\/p>\n","protected":false},"author":2,"featured_media":39515,"comment_status":"closed","ping_status":"closed","sticky":false,"template":"","format":"standard","meta":{"footnotes":""},"categories":[1],"tags":[],"class_list":["post-39514","post","type-post","status-publish","format-standard","has-post-thumbnail","hentry","category-cronica"],"_links":{"self":[{"href":"https:\/\/www.radiopresidenteibanez.cl\/web\/wp-json\/wp\/v2\/posts\/39514","targetHints":{"allow":["GET"]}}],"collection":[{"href":"https:\/\/www.radiopresidenteibanez.cl\/web\/wp-json\/wp\/v2\/posts"}],"about":[{"href":"https:\/\/www.radiopresidenteibanez.cl\/web\/wp-json\/wp\/v2\/types\/post"}],"author":[{"embeddable":true,"href":"https:\/\/www.radiopresidenteibanez.cl\/web\/wp-json\/wp\/v2\/users\/2"}],"replies":[{"embeddable":true,"href":"https:\/\/www.radiopresidenteibanez.cl\/web\/wp-json\/wp\/v2\/comments?post=39514"}],"version-history":[{"count":0,"href":"https:\/\/www.radiopresidenteibanez.cl\/web\/wp-json\/wp\/v2\/posts\/39514\/revisions"}],"wp:featuredmedia":[{"embeddable":true,"href":"https:\/\/www.radiopresidenteibanez.cl\/web\/wp-json\/wp\/v2\/media\/39515"}],"wp:attachment":[{"href":"https:\/\/www.radiopresidenteibanez.cl\/web\/wp-json\/wp\/v2\/media?parent=39514"}],"wp:term":[{"taxonomy":"category","embeddable":true,"href":"https:\/\/www.radiopresidenteibanez.cl\/web\/wp-json\/wp\/v2\/categories?post=39514"},{"taxonomy":"post_tag","embeddable":true,"href":"https:\/\/www.radiopresidenteibanez.cl\/web\/wp-json\/wp\/v2\/tags?post=39514"}],"curies":[{"name":"wp","href":"https:\/\/api.w.org\/{rel}","templated":true}]}}