{"id":39505,"date":"2023-05-09T13:46:00","date_gmt":"2023-05-09T16:46:00","guid":{"rendered":"https:\/\/www.radiopresidenteibanez.cl\/web\/?p=39505"},"modified":"2023-05-09T10:57:49","modified_gmt":"2023-05-09T13:57:49","slug":"el-ultimo-tren-a-casa-presenta-pasajeros-del-tren","status":"publish","type":"post","link":"https:\/\/www.radiopresidenteibanez.cl\/web\/el-ultimo-tren-a-casa-presenta-pasajeros-del-tren\/","title":{"rendered":"EL \u00daLTIMO TREN A CASA PRESENTA\u00a0\u00a0\u00abPASAJEROS DEL TREN\u00bb"},"content":{"rendered":"\n<p>Este mi\u00e9rcoles 10 de mayo el programa<em>&nbsp;\u201cEl \u00faltimo tren a casa\u201d<\/em>&nbsp;que produce el&nbsp;<em>Colectivo Aczi\u00f3n Kultural<\/em>&nbsp;&nbsp;y&nbsp;&nbsp;que conduce&nbsp;<em>Pedro Guichapany<\/em>&nbsp;en radio Presidente Ib\u00e1\u00f1ez estrena la secci\u00f3n&nbsp;<em>\u201cPasajeros del Tren\u201d<\/em>&nbsp;destinada a aquellos oyentes\/auditores que viven fuera de la ciudad, la regi\u00f3n y el pa\u00eds. Estos&nbsp;<em>\u201cpasajeros\u201d<\/em>&nbsp;programan por una hora con la m\u00fasica que ellos seleccionan. De esta forma existir\u00e1 el contacto con&nbsp;<em>\u201cpasajeros\u201d<\/em>&nbsp;de Porvenir, Puerto Natales, Puerto Williams, Valpara\u00edso, Los Andes, Santiago, Temuco, Valdivia, Concepci\u00f3n, Texas (EE.UU.), entre otros.<\/p>\n\n\n\n<p>El primer&nbsp;<em>\u201cpasajero\u201d<\/em>&nbsp;invitado es&nbsp;<em>Gonzalo G\u00f3mez<\/em>, artista visual magall\u00e1nico, radicado hace m\u00e1s de una d\u00e9cada en la ciudad de Neuqu\u00e9n, Patagonia Argentina. All\u00ed desarrolla su labor educativa en el Colegio Amadeus, colegio art\u00edstico, junto a su compa\u00f1era Vanessa Reinoso, profesora de Danza.&nbsp;&nbsp;&nbsp;En lo \u00edntimo, Gonzalo envi\u00f3 una lista con m\u00fasica de la d\u00e9cada 60\u00b4y 70\u00b4, destacando&nbsp;<em>Led Zeppelin, The Sweet, The Rolling Stones, The Trahsmen, Nazareth, The Animals<\/em>, entre otros. En forma especial dedic\u00f3 la canci\u00f3n&nbsp;<em>\u201cChild in Time\u201d<\/em>&nbsp;del grupo&nbsp;<em>Deep Purple<\/em>&nbsp;para su amigo, el fot\u00f3grafo \u00d3scar Riquelme Navarro, fallecido en febrero de 2021.&nbsp;<\/p>\n\n\n\n<p>Gonzalo G\u00f3mez \u201cEl Artista Pl\u00e1stico\u201d&nbsp;<\/p>\n\n\n\n<p><em>Gonzalo G\u00f3mez<\/em>&nbsp;nace en Punta Arenas, Chile el a\u00f1o 1970. Publicista profesional y artista visual autodidacta desarrolla su carrera art\u00edstica en Chile hasta el a\u00f1o 2007 cuando se radica en Centenario, una peque\u00f1a ciudad de la Provincia de Neuqu\u00e9n.<\/p>\n\n\n\n<p>Su quehacer art\u00edstico est\u00e1 marcado tambi\u00e9n por la gesti\u00f3n cultural, siendo presidente de la Agrupaci\u00f3n de Pintores y Escultores de Magallanes por tres a\u00f1os seguidos, adem\u00e1s de su participaci\u00f3n activa como delegado de los artistas pl\u00e1sticos en la concreci\u00f3n del Consejo Nacional de Cultura y co-fundador del grupo de artistas visuales de Centenario&nbsp;<em>\u201cMandafruta\u201d<\/em>. En Neuqu\u00e9n, Argentina, funda junto a su compa\u00f1era Vanessa Reinoso el Colegio Art\u00edstico&nbsp;<em>\u201cAmadeus<\/em>\u201d. (<a href=\"http:\/\/www.colegioamadeus.com.ar\/\" target=\"_blank\" rel=\"noreferrer noopener\">www.colegioamadeus.com.ar<\/a>)<\/p>\n\n\n\n<p>\u201c<em>Sigo haciendo arte, hace poco, en enero de 2023, expuse en una de las mejores galer\u00edas de Neuqu\u00e9n, me cost\u00f3 16 a\u00f1os llegar y que se reconociera mi trabajo pl\u00e1stico de este \u201cafuerino\u201d chileno.<\/em><\/p>\n\n\n\n<p><em>Luego, con agrado encontr\u00e9 mi lugar en el mundo y se asent\u00f3 en la educaci\u00f3n, con Vanessa fundamos un colegio en el cual vamos creciendo a\u00f1o a a\u00f1o, este a\u00f1o completamos la primaria y si todo sale bien para el 2024 podremos lograr el primer a\u00f1o de secundaria.<\/em><\/p>\n\n\n\n<p><em>Trabajamos en un proyecto educativo que atiende a los chicos de manera integral, no solo se entregan herramientas intelectuales, trabajamos tambi\u00e9n atendiendo el sentir, el expresarse, el ser buena persona. Como digo siempre, de que sirve que tu hijo sepa todas las tablas de c\u00e1lculo si no sabe por qu\u00e9 est\u00e1 triste o enojado. Hace dos a\u00f1os fuimos declarados embajada de paz y si bien es mucho trabajo estamos muy bien y contentos con lo que hacemos<\/em>\u201d.<\/p>\n","protected":false},"excerpt":{"rendered":"<p>Este mi\u00e9rcoles 10 de mayo el programa&nbsp;\u201cEl \u00faltimo tren a casa\u201d&nbsp;que produce el&nbsp;Colectivo Aczi\u00f3n Kultural&nbsp;&nbsp;y&nbsp;&nbsp;que conduce&nbsp;Pedro Guichapany&nbsp;en radio Presidente Ib\u00e1\u00f1ez estrena la secci\u00f3n&nbsp;\u201cPasajeros del Tren\u201d&nbsp;destinada a aquellos oyentes\/auditores que viven&#8230; <a class=\"read-more\" href=\"https:\/\/www.radiopresidenteibanez.cl\/web\/el-ultimo-tren-a-casa-presenta-pasajeros-del-tren\/\">Leer m\u00e1s<\/a><\/p>\n","protected":false},"author":2,"featured_media":39506,"comment_status":"closed","ping_status":"closed","sticky":false,"template":"","format":"standard","meta":{"footnotes":""},"categories":[1],"tags":[],"class_list":["post-39505","post","type-post","status-publish","format-standard","has-post-thumbnail","hentry","category-cronica"],"_links":{"self":[{"href":"https:\/\/www.radiopresidenteibanez.cl\/web\/wp-json\/wp\/v2\/posts\/39505","targetHints":{"allow":["GET"]}}],"collection":[{"href":"https:\/\/www.radiopresidenteibanez.cl\/web\/wp-json\/wp\/v2\/posts"}],"about":[{"href":"https:\/\/www.radiopresidenteibanez.cl\/web\/wp-json\/wp\/v2\/types\/post"}],"author":[{"embeddable":true,"href":"https:\/\/www.radiopresidenteibanez.cl\/web\/wp-json\/wp\/v2\/users\/2"}],"replies":[{"embeddable":true,"href":"https:\/\/www.radiopresidenteibanez.cl\/web\/wp-json\/wp\/v2\/comments?post=39505"}],"version-history":[{"count":0,"href":"https:\/\/www.radiopresidenteibanez.cl\/web\/wp-json\/wp\/v2\/posts\/39505\/revisions"}],"wp:featuredmedia":[{"embeddable":true,"href":"https:\/\/www.radiopresidenteibanez.cl\/web\/wp-json\/wp\/v2\/media\/39506"}],"wp:attachment":[{"href":"https:\/\/www.radiopresidenteibanez.cl\/web\/wp-json\/wp\/v2\/media?parent=39505"}],"wp:term":[{"taxonomy":"category","embeddable":true,"href":"https:\/\/www.radiopresidenteibanez.cl\/web\/wp-json\/wp\/v2\/categories?post=39505"},{"taxonomy":"post_tag","embeddable":true,"href":"https:\/\/www.radiopresidenteibanez.cl\/web\/wp-json\/wp\/v2\/tags?post=39505"}],"curies":[{"name":"wp","href":"https:\/\/api.w.org\/{rel}","templated":true}]}}