{"id":39502,"date":"2023-05-09T12:40:00","date_gmt":"2023-05-09T15:40:00","guid":{"rendered":"https:\/\/www.radiopresidenteibanez.cl\/web\/?p=39502"},"modified":"2023-05-09T09:46:04","modified_gmt":"2023-05-09T12:46:04","slug":"partidazo-en-porvenir-victoria-chilena-en-encuentro-internacional-de-la-preseleccion-sub-15-de-voleibol-femenino","status":"publish","type":"post","link":"https:\/\/www.radiopresidenteibanez.cl\/web\/partidazo-en-porvenir-victoria-chilena-en-encuentro-internacional-de-la-preseleccion-sub-15-de-voleibol-femenino\/","title":{"rendered":"PARTIDAZO EN PORVENIR: VICTORIA CHILENA EN ENCUENTRO INTERNACIONAL DE LA PRESELECCION SUB -15 DE VOLEIBOL FEMENINO"},"content":{"rendered":"\n<p>El evento deportivo tuvo lugar este s\u00e1bado en el Sal\u00f3n de Usos M\u00faltiples de Porvenir, donde se vivi\u00f3 un partido amistoso entre la Preselecci\u00f3n Chilena de Voleibol Femenino Sub-15 y el equipo del Club Universitario de R\u00edo Grande, Argentina.<\/p>\n\n\n\n<p>El encuentro se dio en el marco de la visita que las m\u00e1s de 30 atletas de alto rendimiento, acompa\u00f1adas por el entrenador Jorge Puntarelli, realizan desde hace una semana en la capital fueguina como parte de su entrenamiento y concentraci\u00f3n con vistas al torneo Sudamericano que se desarrollar\u00e1 este a\u00f1o. Las j\u00f3venes deportistas, cuyas edades van desde los 11 a los 14 a\u00f1os, esperan conseguir all\u00ed un cupo para el Mundial de 2024, que ser\u00e1 en Jap\u00f3n.<\/p>\n\n\n\n<p>Por su parte el alcalde de Porvenir Jos\u00e9 Gabriel Parada Aguilar, estuvo presente en el partido y subray\u00f3 la importancia de recibir delegaciones deportivas de alto nivel. Adem\u00e1s, asegur\u00f3 que fueron las propias deportistas las que \u201chicieron las gestiones y a nosotros nos pareci\u00f3 muy interesante, sobre todo para los j\u00f3venes de la comuna que llevan toda la semana intercambiando experiencias y acompa\u00f1ando a las atletas\u201d.<\/p>\n\n\n\n<p>El partido fue el cierre de una semana muy significativa para el deporte porvenire\u00f1o, ya que se dio d\u00edas despu\u00e9s de la firma de un convenio entre la municipalidad y la Federaci\u00f3n de Voleibol de Chile (FEVOCHI) que busca potenciar, apoyar y financiar el deporte en la comuna, favoreciendo el intercambio, el entrenamiento y la mejora de las condiciones t\u00e9cnicas y deportivas.<\/p>\n\n\n\n<p><strong>Buen desempe\u00f1o de la SUB-15<\/strong><\/p>\n\n\n\n<p>Puntarelli se mostr\u00f3 contento por el desempe\u00f1o de sus chicas: \u201cHicieron un gran trabajo -dijo- enfrentando a un rival que las supera en edad, pero en calidad estuvieron todas muy bien\u201d.<\/p>\n\n\n\n<p>Se trat\u00f3 del primer partido de car\u00e1cter internacional para la Preselecci\u00f3n Chilena Sub-15 de Voleibol y pese a los nervios iniciales, \u201cal final se terminaron soltando\u201d, coment\u00f3 Puntarelli.<\/p>\n\n\n\n<p>El entrenador destac\u00f3 que son estas j\u00f3venes las que representar\u00e1n a Chile en la Selecci\u00f3n mayor dentro de unos a\u00f1os y dijo que espera \u201clograr muchas cosas con ellas\u201d.<\/p>\n\n\n\n<p>Por su parte, el secretario ejecutivo de la Corporaci\u00f3n Municipal de Deportes, Claudio Diaz, agradeci\u00f3 a los medios locales la transmisi\u00f3n en vivo del encuentro, lo que permiti\u00f3 darle una mayor visibilidad al evento. \u201cHa sido un trabajo arduo, tras 7 d\u00edas de concentraci\u00f3n\u201d, asegur\u00f3 el funcionario.<\/p>\n\n\n\n<p><strong>M\u00e1s infraestructura deportiva para Porvenir<\/strong><\/p>\n\n\n\n<p>El jefe comunal Jos\u00e9 Gabriel Parada Aguilar, aprovech\u00f3 para destacar la apuesta de la municipalidad por la cultura y el deporte y, consultado sobre la necesidad de una mejor infraestructura deportiva en la comuna, adelant\u00f3 que se prev\u00e9n obras muy importantes en el corto plazo.<\/p>\n\n\n\n<p>\u201cEn 2022 se realizaron muchos eventos en el gimnasio del Liceo y en esta Sala de Usos M\u00faltiples como campeonatos de futsal con equipos de Punta Arenas y argentinos, de voleibol y b\u00e1squet, pero con las limitaciones que plantea la infraestructura que tenemos\u201d. A su vez, indic\u00f3 que \u201cesperamos iniciar con esto en mayo y que en 18 meses tengamos una infraestructura de lujo\u201d, coment\u00f3 el edil. Adem\u00e1s, adelant\u00f3 que se prev\u00e9 tambi\u00e9n, en una instancia posterior, la construcci\u00f3n de una piscina para Porvenir.<\/p>\n","protected":false},"excerpt":{"rendered":"<p>El evento deportivo tuvo lugar este s\u00e1bado en el Sal\u00f3n de Usos M\u00faltiples de Porvenir, donde se vivi\u00f3 un partido amistoso entre la Preselecci\u00f3n Chilena de Voleibol Femenino Sub-15 y&#8230; <a class=\"read-more\" href=\"https:\/\/www.radiopresidenteibanez.cl\/web\/partidazo-en-porvenir-victoria-chilena-en-encuentro-internacional-de-la-preseleccion-sub-15-de-voleibol-femenino\/\">Leer m\u00e1s<\/a><\/p>\n","protected":false},"author":2,"featured_media":39503,"comment_status":"closed","ping_status":"closed","sticky":false,"template":"","format":"standard","meta":{"footnotes":""},"categories":[1],"tags":[],"class_list":["post-39502","post","type-post","status-publish","format-standard","has-post-thumbnail","hentry","category-cronica"],"_links":{"self":[{"href":"https:\/\/www.radiopresidenteibanez.cl\/web\/wp-json\/wp\/v2\/posts\/39502","targetHints":{"allow":["GET"]}}],"collection":[{"href":"https:\/\/www.radiopresidenteibanez.cl\/web\/wp-json\/wp\/v2\/posts"}],"about":[{"href":"https:\/\/www.radiopresidenteibanez.cl\/web\/wp-json\/wp\/v2\/types\/post"}],"author":[{"embeddable":true,"href":"https:\/\/www.radiopresidenteibanez.cl\/web\/wp-json\/wp\/v2\/users\/2"}],"replies":[{"embeddable":true,"href":"https:\/\/www.radiopresidenteibanez.cl\/web\/wp-json\/wp\/v2\/comments?post=39502"}],"version-history":[{"count":0,"href":"https:\/\/www.radiopresidenteibanez.cl\/web\/wp-json\/wp\/v2\/posts\/39502\/revisions"}],"wp:featuredmedia":[{"embeddable":true,"href":"https:\/\/www.radiopresidenteibanez.cl\/web\/wp-json\/wp\/v2\/media\/39503"}],"wp:attachment":[{"href":"https:\/\/www.radiopresidenteibanez.cl\/web\/wp-json\/wp\/v2\/media?parent=39502"}],"wp:term":[{"taxonomy":"category","embeddable":true,"href":"https:\/\/www.radiopresidenteibanez.cl\/web\/wp-json\/wp\/v2\/categories?post=39502"},{"taxonomy":"post_tag","embeddable":true,"href":"https:\/\/www.radiopresidenteibanez.cl\/web\/wp-json\/wp\/v2\/tags?post=39502"}],"curies":[{"name":"wp","href":"https:\/\/api.w.org\/{rel}","templated":true}]}}