{"id":39499,"date":"2023-05-09T11:13:00","date_gmt":"2023-05-09T14:13:00","guid":{"rendered":"https:\/\/www.radiopresidenteibanez.cl\/web\/?p=39499"},"modified":"2023-05-09T09:36:20","modified_gmt":"2023-05-09T12:36:20","slug":"14-medicos-y-1-odontologo-fortaleceran-la-red-asistencial-de-magallanes","status":"publish","type":"post","link":"https:\/\/www.radiopresidenteibanez.cl\/web\/14-medicos-y-1-odontologo-fortaleceran-la-red-asistencial-de-magallanes\/","title":{"rendered":"14 MEDICOS Y 1 ODONTOLOGO FORTALECERAN LA RED ASISTENCIAL DE MAGALLANES"},"content":{"rendered":"\n<p>14 m\u00e9dicos y un odont\u00f3logo se sumaron a la Red Asistencial del Servicio de Salud Magallanes, profesionales conocidos como \u201cgenerales de zona\u201d, que mediante su etapa de destinaci\u00f3n y formaci\u00f3n mediante el Art. 8 de la Ley 19.664, vienen a fortalecer la atenci\u00f3n de los establecimientos hospitalarios y de Atenci\u00f3n Primaria de la Regi\u00f3n.<\/p>\n\n\n\n<p>La presentaci\u00f3n de los m\u00e9dicos y m\u00e9dicas, cuyas destinaciones consideran el hospital comunitario Dr. Marco Chamorro de Porvenir, hospital Dr. Augusto Essmann y CESFAM Dr. Juan Lozic de Puerto Natales y los CESFAM Carlos Ib\u00e1\u00f1ez, Dr. Mateo Bencur, Dr. Thomas Fenton y Dr. Juan Damianovic de Punta Arenas, fue oficializada por la directora del Servicio, Ver\u00f3nica Y\u00e1\u00f1ez, junto a la SEREMI de Salud, Dra. Francisca Sanfuentes y el delegado cap\u00edtulo Magallanes de los M\u00e9dicos Generales de Zona, Dr. Ricardo Hun, durante la jornada de inducci\u00f3n y bienvenida de los galenos.<\/p>\n\n\n\n<p>En la ocasi\u00f3n, la directora SS Magallanes coment\u00f3 que, ellos vienen a fortalecer la Red Asistencial desde distintos lugares del pa\u00eds, potenciando la mirada territorial y fortaleciendo los establecimientos hospitalarios y de APS. \u201cSon 15 profesionales, entre m\u00e9dicos y odont\u00f3logo, que vienen a reforzar la red, sumados a los m\u00e9dicos ya instalados, sumando en total 48 m\u00e9dicos en etapa de destinaci\u00f3n y formaci\u00f3n actualmente en la regi\u00f3n, despleg\u00e1ndose en las comunas de Punta Arenas, Puerto Natales y Porvenir\u201d, indic\u00f3 la autoridad de salud.<\/p>\n\n\n\n<p>Por su parte, la SEREMI DE Salud Dra. Francisca Sanfuentes, record\u00f3 que, \u201cesta es una estrategia ministerial que tiene a\u00f1os de evoluci\u00f3n y que ha sido muy positiva en su evaluaci\u00f3n, permiti\u00e9ndonos contar con m\u00e9dicos generales que van a trabajar con esta mirada descentralizadora en las distintas localidades de nuestra regi\u00f3n, en atenci\u00f3n primaria, en hospitales comunitarios y provinciales, incorpor\u00e1ndose a los equipos de salud y en el trabajo permanente con la comunidad, es un desaf\u00edo muy bonito el que asumen hoy d\u00eda\u201d, puntualiz\u00f3.<\/p>\n\n\n\n<p>Desaf\u00edo que conoce muy bien, el Dr. Ricardo Hun, delegado del cap\u00edtulo Magallanes de M\u00e9dicos Generales de Zona, quien destaca el rol de los m\u00e9dicos EDF en la Red Asistencial. \u201cEllos no solamente vienen a quebrar una brecha asistencial, sino a brindar educaci\u00f3n y fortalecer la uni\u00f3n con la comunidad que se encuentra en todos los establecimientos de salud\u201d, manifest\u00f3.<\/p>\n\n\n\n<p>Christopher Vergara, es magall\u00e1nico y estudi\u00f3 en la Universidad de Magallanes, siendo parte de la segunda generaci\u00f3n de m\u00e9dicos egresados de esta casa de estudios superiores. \u201cDe verdad es una experiencia s\u00faper bonita el haber estudiado ac\u00e1, saber de la poblaci\u00f3n en t\u00e9rminos m\u00e9dicos y de la epidemiolog\u00eda y poder devolver la mano a la universidad a la comunidad y aportar a la red asistencial de Magallanes, as\u00ed que es una experiencia muy bonita, es un tiempo largo, lo han dicho otros colegas que va de 3 a 6 a\u00f1os y tambi\u00e9n con la esperanza de haber estudiado la especialidad poder devolver ac\u00e1\u201d, indic\u00f3 el Dr. Vergara.<\/p>\n","protected":false},"excerpt":{"rendered":"<p>14 m\u00e9dicos y un odont\u00f3logo se sumaron a la Red Asistencial del Servicio de Salud Magallanes, profesionales conocidos como \u201cgenerales de zona\u201d, que mediante su etapa de destinaci\u00f3n y formaci\u00f3n&#8230; <a class=\"read-more\" href=\"https:\/\/www.radiopresidenteibanez.cl\/web\/14-medicos-y-1-odontologo-fortaleceran-la-red-asistencial-de-magallanes\/\">Leer m\u00e1s<\/a><\/p>\n","protected":false},"author":2,"featured_media":39500,"comment_status":"closed","ping_status":"closed","sticky":false,"template":"","format":"standard","meta":{"footnotes":""},"categories":[1],"tags":[],"class_list":["post-39499","post","type-post","status-publish","format-standard","has-post-thumbnail","hentry","category-cronica"],"_links":{"self":[{"href":"https:\/\/www.radiopresidenteibanez.cl\/web\/wp-json\/wp\/v2\/posts\/39499","targetHints":{"allow":["GET"]}}],"collection":[{"href":"https:\/\/www.radiopresidenteibanez.cl\/web\/wp-json\/wp\/v2\/posts"}],"about":[{"href":"https:\/\/www.radiopresidenteibanez.cl\/web\/wp-json\/wp\/v2\/types\/post"}],"author":[{"embeddable":true,"href":"https:\/\/www.radiopresidenteibanez.cl\/web\/wp-json\/wp\/v2\/users\/2"}],"replies":[{"embeddable":true,"href":"https:\/\/www.radiopresidenteibanez.cl\/web\/wp-json\/wp\/v2\/comments?post=39499"}],"version-history":[{"count":0,"href":"https:\/\/www.radiopresidenteibanez.cl\/web\/wp-json\/wp\/v2\/posts\/39499\/revisions"}],"wp:featuredmedia":[{"embeddable":true,"href":"https:\/\/www.radiopresidenteibanez.cl\/web\/wp-json\/wp\/v2\/media\/39500"}],"wp:attachment":[{"href":"https:\/\/www.radiopresidenteibanez.cl\/web\/wp-json\/wp\/v2\/media?parent=39499"}],"wp:term":[{"taxonomy":"category","embeddable":true,"href":"https:\/\/www.radiopresidenteibanez.cl\/web\/wp-json\/wp\/v2\/categories?post=39499"},{"taxonomy":"post_tag","embeddable":true,"href":"https:\/\/www.radiopresidenteibanez.cl\/web\/wp-json\/wp\/v2\/tags?post=39499"}],"curies":[{"name":"wp","href":"https:\/\/api.w.org\/{rel}","templated":true}]}}