{"id":39483,"date":"2023-05-08T17:00:00","date_gmt":"2023-05-08T20:00:00","guid":{"rendered":"https:\/\/www.radiopresidenteibanez.cl\/web\/?p=39483"},"modified":"2023-05-08T16:08:55","modified_gmt":"2023-05-08T19:08:55","slug":"tu-ejemplo-su-salud-senda-inicio-campana-para-evitar-el-uso-de-medicamentos-sin-receta","status":"publish","type":"post","link":"https:\/\/www.radiopresidenteibanez.cl\/web\/tu-ejemplo-su-salud-senda-inicio-campana-para-evitar-el-uso-de-medicamentos-sin-receta\/","title":{"rendered":"\u201cTU EJEMPLO, SU SALUD\u201d SENDA INICI\u00d3 CAMPA\u00d1A PARA EVITAR EL USO DE MEDICAMENTOS SIN RECETA"},"content":{"rendered":"\n<p>Uno de cada 10 adolescentes reconoci\u00f3 haber consumido tranquilizantes sin receta<br>m\u00e9dica en el \u00faltimo a\u00f1o en Chile, seg\u00fan el \u00faltimo Estudio de Drogas en Poblaci\u00f3n<br>Escolar. La mitad de ellos asegur\u00f3 que lo obtuvo desde su entorno m\u00e1s cercano, ya<br>sea familiares o porque estaba disponible en su hogar.<br>Con el objetivo de prevenir el uso de medicamentos sin receta en ni\u00f1os, ni\u00f1as y<br>adolescentes, el Servicio Nacional para la Prevenci\u00f3n y Rehabilitaci\u00f3n del Consumo de<br>Drogas y Alcohol (SENDA) ejecuta la campa\u00f1a: \u00abTu ejemplo, su salud\u00bb.<br>Seg\u00fan datos del 14\u00b0 Estudio de Drogas en Poblaci\u00f3n Escolar de SENDA, el 9,5% de los y<br>las escolares reconoci\u00f3 haber consumido tranquilizantes sin receta m\u00e9dica en el \u00faltimo<br>a\u00f1o en el pa\u00eds, en tanto en Magallanes, el porcentaje es de un 9,9 %.<br>La mitad de la poblaci\u00f3n escolar dijo que accedi\u00f3 a trav\u00e9s del entorno cercano, como<br>familiares o amistades (30,9%) o que lo tom\u00f3 directamente desde la casa (16,6%).<br>Otras formas de conseguirlo fueron en ferias libres o mercados (10,2%) o en<br>farmacias con una receta de otra persona (6,9%)<br>\u201cUn dato que nos pareci\u00f3 preocupante en el estudio escolar es que el consumo de<br>tranquilizantes sin receta m\u00e9dica no experiment\u00f3 descensos. Es algo que debemos<br>revisar, sobre todo porque cerca del 50% de los ni\u00f1os, ni\u00f1as y adolescentes consiguen<br>estos medicamentos con su entorno m\u00e1s cercano\u201d, afirm\u00f3 la directora de SENDA, Natalia<br>Riffo.<br>En tanto la directora regional de la instituci\u00f3n, Lorena Guala Vivar, que es en este<br>contexto, que a trav\u00e9s de mensajes en redes sociales y consejos en el sitio web de<br>SENDA (www.senda.gob.cl) la iniciativa busca sensibilizar a padres, madres y adultos<br>cuidadores para que act\u00faen con el ejemplo ante los y las adolescentes, evitando<br>conductas como la automedicaci\u00f3n.<\/p>\n\n\n\n<p>Agustinas 1235, piso 9<br>Santiago, Chile<br>Tel: 56 (2) 25100880<br>www.senda.gob.cl<br>Adem\u00e1s, tambi\u00e9n se enfocar\u00e1 en las consecuencias para la salud que puede tener el uso<br>inadecuado de medicamentos, considerando que todas las personas tienen<br>requerimientos y necesidades espec\u00edficas de tratamiento.<br>\u201cLa prevenci\u00f3n del uso de f\u00e1rmacos sin receta m\u00e9dica es fundamental para garantizar la<br>salud y el bienestar de ni\u00f1os, ni\u00f1as y adolescentes. Es necesario que los adultos<br>cuidadores tomen conciencia de la importancia de actuar con responsabilidad y evitar la<br>automedicaci\u00f3n y el uso inadecuado de f\u00e1rmacos\u201d, puntualiz\u00f3.<\/p>\n\n\n\n<p>RECOMENDACIONES:<br>\uf0b7 Si sientes malestar o dolor, acude a un m\u00e9dico para que te examine y determine el<br>tratamiento adecuado. No te automediques ni permitas que tus hijos\/as lo hagan.<br>\uf0b7 No compartas medicamentos con otras personas, ya que todos tenemos necesidades y<br>requerimientos \u00fanicos de tratamiento.<br>\uf0b7 Mant\u00e9n los medicamentos fuera del alcance de ni\u00f1os y ni\u00f1as, en un lugar seguro y<br>protegido.<br>\uf0b7 Inf\u00f3rmate sobre los efectos secundarios y posibles interacciones de los medicamentos<br>que tomas y sigue las instrucciones del m\u00e9dico para su uso adecuado.<\/p>\n","protected":false},"excerpt":{"rendered":"<p>Uno de cada 10 adolescentes reconoci\u00f3 haber consumido tranquilizantes sin recetam\u00e9dica en el \u00faltimo a\u00f1o en Chile, seg\u00fan el \u00faltimo Estudio de Drogas en Poblaci\u00f3nEscolar. La mitad de ellos asegur\u00f3&#8230; <a class=\"read-more\" href=\"https:\/\/www.radiopresidenteibanez.cl\/web\/tu-ejemplo-su-salud-senda-inicio-campana-para-evitar-el-uso-de-medicamentos-sin-receta\/\">Leer m\u00e1s<\/a><\/p>\n","protected":false},"author":2,"featured_media":39484,"comment_status":"closed","ping_status":"closed","sticky":false,"template":"","format":"standard","meta":{"footnotes":""},"categories":[1],"tags":[],"class_list":["post-39483","post","type-post","status-publish","format-standard","has-post-thumbnail","hentry","category-cronica"],"_links":{"self":[{"href":"https:\/\/www.radiopresidenteibanez.cl\/web\/wp-json\/wp\/v2\/posts\/39483","targetHints":{"allow":["GET"]}}],"collection":[{"href":"https:\/\/www.radiopresidenteibanez.cl\/web\/wp-json\/wp\/v2\/posts"}],"about":[{"href":"https:\/\/www.radiopresidenteibanez.cl\/web\/wp-json\/wp\/v2\/types\/post"}],"author":[{"embeddable":true,"href":"https:\/\/www.radiopresidenteibanez.cl\/web\/wp-json\/wp\/v2\/users\/2"}],"replies":[{"embeddable":true,"href":"https:\/\/www.radiopresidenteibanez.cl\/web\/wp-json\/wp\/v2\/comments?post=39483"}],"version-history":[{"count":0,"href":"https:\/\/www.radiopresidenteibanez.cl\/web\/wp-json\/wp\/v2\/posts\/39483\/revisions"}],"wp:featuredmedia":[{"embeddable":true,"href":"https:\/\/www.radiopresidenteibanez.cl\/web\/wp-json\/wp\/v2\/media\/39484"}],"wp:attachment":[{"href":"https:\/\/www.radiopresidenteibanez.cl\/web\/wp-json\/wp\/v2\/media?parent=39483"}],"wp:term":[{"taxonomy":"category","embeddable":true,"href":"https:\/\/www.radiopresidenteibanez.cl\/web\/wp-json\/wp\/v2\/categories?post=39483"},{"taxonomy":"post_tag","embeddable":true,"href":"https:\/\/www.radiopresidenteibanez.cl\/web\/wp-json\/wp\/v2\/tags?post=39483"}],"curies":[{"name":"wp","href":"https:\/\/api.w.org\/{rel}","templated":true}]}}