{"id":3946,"date":"2019-05-06T17:19:07","date_gmt":"2019-05-06T17:19:07","guid":{"rendered":"http:\/\/www.radiopresidenteibanez.cl\/web\/?p=3946"},"modified":"2019-05-06T17:19:52","modified_gmt":"2019-05-06T17:19:52","slug":"ultima-esperanza-dos-carabineros-fueron-desvinculados-por-denuncias-de-violacion","status":"publish","type":"post","link":"https:\/\/www.radiopresidenteibanez.cl\/web\/ultima-esperanza-dos-carabineros-fueron-desvinculados-por-denuncias-de-violacion\/","title":{"rendered":"\u00daLTIMA ESPERANZA: DOS CARABINEROS FUERON DESVINCULADOS POR DENUNCIAS DE VIOLACI\u00d3N"},"content":{"rendered":"\n<p>La Brigada de Delitos Sexuales de la Polic\u00eda de\nInvestigaciones de Punta Arenas, se encuentra realizando los procedimientos de\nrigor, en este caso que fueron acusado dos Carabineros de la localidad de\nPuerto Ed\u00e9n por violaci\u00f3n.<\/p>\n\n\n\n<p>En la oportunidad la victima de 40 a\u00f1os, mencion\u00f3 en su relato,\nque luego de compartir con los ahora ex Carabineros, la condujeron hasta un\nsitio bald\u00edo donde la agredieron sexualmente, donde la propia afectada coment\u00f3\nno haber puesto resistencia al hecho por el miedo que les ten\u00eda a los uniformados.\n<\/p>\n\n\n\n<p>Cabe mencionar que luego de la denuncia, se le realiz\u00f3\ndistintos ex\u00e1menes a la mujer que mostraron indicios de haber mantenido\ncontacto sexual, pero no mostraron indicios de haber sido forzada, lo cual avala\nsus dichos de que no opuso resistencia en el momento.<\/p>\n\n\n\n<p>Pese a que a\u00fan no se esclarece el hecho, la instituci\u00f3n al enterarse de lo sucedido, decidi\u00f3 desvincular de inmediato a ambos funcionarios.<\/p>\n\n\n\n<figure class=\"wp-block-image\"><img loading=\"lazy\" decoding=\"async\" width=\"730\" height=\"350\" src=\"http:\/\/www.radiopresidenteibanez.cl\/web\/wp-content\/uploads\/2019\/02\/carabineros-chaleco-back.jpg\" alt=\"\" class=\"wp-image-1617\" srcset=\"https:\/\/www.radiopresidenteibanez.cl\/web\/wp-content\/uploads\/2019\/02\/carabineros-chaleco-back.jpg 730w, https:\/\/www.radiopresidenteibanez.cl\/web\/wp-content\/uploads\/2019\/02\/carabineros-chaleco-back-300x144.jpg 300w\" sizes=\"auto, (max-width: 730px) 100vw, 730px\" \/><\/figure>\n","protected":false},"excerpt":{"rendered":"<p>La Brigada de Delitos Sexuales de la Polic\u00eda de Investigaciones de Punta Arenas, se encuentra realizando los procedimientos de rigor, en este caso que fueron acusado dos Carabineros de la&#8230; <a class=\"read-more\" href=\"https:\/\/www.radiopresidenteibanez.cl\/web\/ultima-esperanza-dos-carabineros-fueron-desvinculados-por-denuncias-de-violacion\/\">Leer m\u00e1s<\/a><\/p>\n","protected":false},"author":2,"featured_media":1617,"comment_status":"closed","ping_status":"closed","sticky":false,"template":"","format":"standard","meta":{"footnotes":""},"categories":[6],"tags":[],"class_list":["post-3946","post","type-post","status-publish","format-standard","has-post-thumbnail","hentry","category-policial"],"_links":{"self":[{"href":"https:\/\/www.radiopresidenteibanez.cl\/web\/wp-json\/wp\/v2\/posts\/3946","targetHints":{"allow":["GET"]}}],"collection":[{"href":"https:\/\/www.radiopresidenteibanez.cl\/web\/wp-json\/wp\/v2\/posts"}],"about":[{"href":"https:\/\/www.radiopresidenteibanez.cl\/web\/wp-json\/wp\/v2\/types\/post"}],"author":[{"embeddable":true,"href":"https:\/\/www.radiopresidenteibanez.cl\/web\/wp-json\/wp\/v2\/users\/2"}],"replies":[{"embeddable":true,"href":"https:\/\/www.radiopresidenteibanez.cl\/web\/wp-json\/wp\/v2\/comments?post=3946"}],"version-history":[{"count":0,"href":"https:\/\/www.radiopresidenteibanez.cl\/web\/wp-json\/wp\/v2\/posts\/3946\/revisions"}],"wp:featuredmedia":[{"embeddable":true,"href":"https:\/\/www.radiopresidenteibanez.cl\/web\/wp-json\/wp\/v2\/media\/1617"}],"wp:attachment":[{"href":"https:\/\/www.radiopresidenteibanez.cl\/web\/wp-json\/wp\/v2\/media?parent=3946"}],"wp:term":[{"taxonomy":"category","embeddable":true,"href":"https:\/\/www.radiopresidenteibanez.cl\/web\/wp-json\/wp\/v2\/categories?post=3946"},{"taxonomy":"post_tag","embeddable":true,"href":"https:\/\/www.radiopresidenteibanez.cl\/web\/wp-json\/wp\/v2\/tags?post=3946"}],"curies":[{"name":"wp","href":"https:\/\/api.w.org\/{rel}","templated":true}]}}