{"id":39449,"date":"2023-05-06T17:14:00","date_gmt":"2023-05-06T20:14:00","guid":{"rendered":"https:\/\/www.radiopresidenteibanez.cl\/web\/?p=39449"},"modified":"2023-05-06T16:16:24","modified_gmt":"2023-05-06T19:16:24","slug":"fundacion-integra-recuerda-a-familias-de-natales-consultar-por-cupos-tras-reapertura-del-jardin-infantil-los-conejitos","status":"publish","type":"post","link":"https:\/\/www.radiopresidenteibanez.cl\/web\/fundacion-integra-recuerda-a-familias-de-natales-consultar-por-cupos-tras-reapertura-del-jardin-infantil-los-conejitos\/","title":{"rendered":"Fundaci\u00f3n Integra recuerda a familias de Natales consultar por cupos tras reapertura del jard\u00edn infantil \u201cLos Conejitos\u201d"},"content":{"rendered":"\n<p>La Direcci\u00f3n Regional Magallanes de Fundaci\u00f3n Integra, record\u00f3 durante esta jornada a las familias de Natales que pueden consultar, directamente, por disponibilidad de cupos para el a\u00f1o parvulario 2023 en la&nbsp;<strong>sala cuna y jard\u00edn infantil \u201cLos Conejitos\u201d<\/strong>, tras la reapertura de este establecimiento en su ubicaci\u00f3n original de&nbsp;<strong>Pedro Sarmiento #1930<\/strong>.<\/p>\n\n\n\n<p>El recinto reinici\u00f3 sus labores luego de las obras de mejoramiento que implicaron pasar de los 367 m2 de su infraestructura original hasta los&nbsp;<strong>525 m2<\/strong>, aumentando as\u00ed la capacidad de atenci\u00f3n a&nbsp;<strong>56 p\u00e1rvulos y 20 lactantes<\/strong>, en salas de actividades acogedoras y amplias de&nbsp;<strong>56 m2 cada una<\/strong>, las que consideran, por ejemplo, aspectos como accesibilidad universal.<\/p>\n\n\n\n<p>Alan Carrasco Concha,&nbsp;<strong>director regional de Fundaci\u00f3n Integra<\/strong>, indic\u00f3 que \u201ccon una inversi\u00f3n que borde\u00f3&nbsp;<strong>los $1.650 millones<\/strong>, los trabajos en la sala cuna y jard\u00edn infantil \u2018Los Conejitos\u2019 les permitir\u00e1 a ni\u00f1os, ni\u00f1as y equipo educativo, contar con espacios seguros y confortables, para que las familias de Natales sigan accediendo a&nbsp;<strong>educaci\u00f3n parvularia gratuita y de calidad<\/strong>, sin importar su ubicaci\u00f3n geogr\u00e1fica\u201d.<\/p>\n\n\n\n<p>\u201cQueremos agradecer a la comunidad su comprensi\u00f3n durante el proceso de reapertura del jard\u00edn infantil, ya que se debieron suspender las actividades hasta la completa habilitaci\u00f3n de los nuevos espacios. Para nosotros, entregar informaci\u00f3n oportuna a la comunidad es clave, especialmente en instancias como esta, por ello, la invitaci\u00f3n es a acercarse al jard\u00edn infantil ante cualquier duda&nbsp;<strong>o para verificar la disponibilidad de cupos<\/strong>\u201d, cerr\u00f3 la autoridad.<\/p>\n\n\n\n<p>El establecimiento reabri\u00f3 sus puertas&nbsp;<strong>el pasado 26 de abril<\/strong>, tras la obtenci\u00f3n de la resoluci\u00f3n sanitaria y revisi\u00f3n de informes por parte de la autoridad sanitaria competente, dejando as\u00ed su ubicaci\u00f3n previa \u2013Blanco encalada #915\u2013, que entregaba una capacidad de atenci\u00f3n m\u00e1xima de s\u00f3lo 40 p\u00e1rvulos.<\/p>\n\n\n\n<p>La alcaldesa de Natales, Antonieta Oyarzo, se\u00f1al\u00f3 que \u201cpude visitar antes este recinto y tiene dependencias de muy buena calidad, confortables, una infraestructura amigable y pedag\u00f3gica. Felicitamos a la instituci\u00f3n junto con desearles un muy buen 2023 en lo que significa poder educar, proteger y cuidar a nuestros ni\u00f1os y ni\u00f1as, en una infraestructura de calidad\u201d.<\/p>\n\n\n\n<p>Con&nbsp;<strong>32 a\u00f1os<\/strong>&nbsp;de experiencia y m\u00e1s de&nbsp;<strong>1.200 salas cuna y jardines infantiles gratuitos<\/strong>&nbsp;en todo el pa\u00eds, Fundaci\u00f3n Integra trabaja para lograr el desarrollo integral, bienestar y aprendizajes significativos de&nbsp;<strong>ni\u00f1os y ni\u00f1as<\/strong>, poniendo a su disposici\u00f3n espacios educativos&nbsp;<strong>diversos, estimulantes y de calidad<\/strong>.<\/p>\n","protected":false},"excerpt":{"rendered":"<p>La Direcci\u00f3n Regional Magallanes de Fundaci\u00f3n Integra, record\u00f3 durante esta jornada a las familias de Natales que pueden consultar, directamente, por disponibilidad de cupos para el a\u00f1o parvulario 2023 en&#8230; <a class=\"read-more\" href=\"https:\/\/www.radiopresidenteibanez.cl\/web\/fundacion-integra-recuerda-a-familias-de-natales-consultar-por-cupos-tras-reapertura-del-jardin-infantil-los-conejitos\/\">Leer m\u00e1s<\/a><\/p>\n","protected":false},"author":2,"featured_media":39450,"comment_status":"closed","ping_status":"closed","sticky":false,"template":"","format":"standard","meta":{"footnotes":""},"categories":[1],"tags":[],"class_list":["post-39449","post","type-post","status-publish","format-standard","has-post-thumbnail","hentry","category-cronica"],"_links":{"self":[{"href":"https:\/\/www.radiopresidenteibanez.cl\/web\/wp-json\/wp\/v2\/posts\/39449","targetHints":{"allow":["GET"]}}],"collection":[{"href":"https:\/\/www.radiopresidenteibanez.cl\/web\/wp-json\/wp\/v2\/posts"}],"about":[{"href":"https:\/\/www.radiopresidenteibanez.cl\/web\/wp-json\/wp\/v2\/types\/post"}],"author":[{"embeddable":true,"href":"https:\/\/www.radiopresidenteibanez.cl\/web\/wp-json\/wp\/v2\/users\/2"}],"replies":[{"embeddable":true,"href":"https:\/\/www.radiopresidenteibanez.cl\/web\/wp-json\/wp\/v2\/comments?post=39449"}],"version-history":[{"count":0,"href":"https:\/\/www.radiopresidenteibanez.cl\/web\/wp-json\/wp\/v2\/posts\/39449\/revisions"}],"wp:featuredmedia":[{"embeddable":true,"href":"https:\/\/www.radiopresidenteibanez.cl\/web\/wp-json\/wp\/v2\/media\/39450"}],"wp:attachment":[{"href":"https:\/\/www.radiopresidenteibanez.cl\/web\/wp-json\/wp\/v2\/media?parent=39449"}],"wp:term":[{"taxonomy":"category","embeddable":true,"href":"https:\/\/www.radiopresidenteibanez.cl\/web\/wp-json\/wp\/v2\/categories?post=39449"},{"taxonomy":"post_tag","embeddable":true,"href":"https:\/\/www.radiopresidenteibanez.cl\/web\/wp-json\/wp\/v2\/tags?post=39449"}],"curies":[{"name":"wp","href":"https:\/\/api.w.org\/{rel}","templated":true}]}}