{"id":39438,"date":"2023-05-05T17:39:00","date_gmt":"2023-05-05T20:39:00","guid":{"rendered":"https:\/\/www.radiopresidenteibanez.cl\/web\/?p=39438"},"modified":"2023-05-05T11:33:58","modified_gmt":"2023-05-05T14:33:58","slug":"concejal-german-flores-por-laguna-pudeto-claramente-las-evidencias-estan-demostrando-que-hubo-intervencion","status":"publish","type":"post","link":"https:\/\/www.radiopresidenteibanez.cl\/web\/concejal-german-flores-por-laguna-pudeto-claramente-las-evidencias-estan-demostrando-que-hubo-intervencion\/","title":{"rendered":"CONCEJAL GERMAN FLORES POR LAGUNA PUDETO: \u201cCLARAMENTE LAS EVIDENCIAS ESTAN DEMOSTRANDO QUE HUBO INTERVENCION\u201d"},"content":{"rendered":"\n<p>El d\u00eda s\u00e1bado 29 de abril dio mucha alegr\u00eda ver la laguna Pudeto con un habitual espejo de agua que por d\u00e9cadas los puntarenenses pudieron observar y disfrutar.<br>Claro, la raz\u00f3n, fueron los 31,5 mm de lluvia que cayeron en 24 horas, lo que permiti\u00f3 que el lecho de la laguna se cubriera de agua, lo que de inmediato atrajo la llegada de aves, algo que nos alegr\u00f3. Pero lamentablemente con el paso de los d\u00edas, el agua ha ido desapareciendo, decantando, la pregunta es por qu\u00e9.<br>Ocurre que con la cantidad de agua ca\u00edda, en cualquier lecho con las caracter\u00edsticas de la laguna Pudeto se llenar\u00e1 de agua, pero eso no significa que permanezca en el tiempo como antes, y el motivo principal es que los acu\u00edferos subterr\u00e1neos que alimentaban la laguna en forma permanente, y que, por ende, manten\u00edan el espejo de agua, ya no est\u00e1n llegando, pues el afluente fue obstaculizado o bien desviado, es lo que he venido sosteniendo desde diciembre del a\u00f1o pasado cuando empec\u00e9 a denunciar que algo estaba pasando y se\u00f1al\u00e9 que hab\u00eda que poner atenci\u00f3n a la obra de calle Rancagua.<br>Es lamentable decir que el agua ya no se mantendr\u00e1 en la superficie por la raz\u00f3n expuesta, pero esto reafirma que aqu\u00ed hubo una intervenci\u00f3n humana, no digo intencional, pero que ocasion\u00f3 esta lamentable p\u00e9rdida. Respecto a la falta de agua lluvia que han se\u00f1alado algunas autoridades y que seg\u00fan ellos es la consecuencia, debo decir que el a\u00f1o pasado a igual fecha cayeron 122 mm. Este a\u00f1o al 29 de abril, cayeron 180mm con un claro super\u00e1vit en comparaci\u00f3n al a\u00f1o pasado. Los a\u00f1os 2020, 2021, 2022, entre enero y marzo, fueron menos lluviosos que este a\u00f1o, sin embargo, las evidencias demuestran que la laguna se mantuvo con un gran espejo de agua tal como muestran los registros.<br>Espero que cuanto antes salga el informe de la superintendencia de medio ambiente, pero claramente lo que se est\u00e1 constatando, es que esto no es por falta de lluvia.<br>\u201cNo soy t\u00e9cnico en la materia, pero el sentido comun indica que si antes de la construccion de la calle rancagua, en a\u00f1os mas secos no se seco la laguna, este a\u00f1o que ha sido mas lluvioso la laguna se sec\u00f3, lo \u00fanico que puede explicar el fenomeno es una intervenci\u00f3n humana\u00bb<\/p>\n","protected":false},"excerpt":{"rendered":"<p>El d\u00eda s\u00e1bado 29 de abril dio mucha alegr\u00eda ver la laguna Pudeto con un habitual espejo de agua que por d\u00e9cadas los puntarenenses pudieron observar y disfrutar.Claro, la raz\u00f3n,&#8230; <a class=\"read-more\" href=\"https:\/\/www.radiopresidenteibanez.cl\/web\/concejal-german-flores-por-laguna-pudeto-claramente-las-evidencias-estan-demostrando-que-hubo-intervencion\/\">Leer m\u00e1s<\/a><\/p>\n","protected":false},"author":2,"featured_media":39439,"comment_status":"closed","ping_status":"closed","sticky":false,"template":"","format":"standard","meta":{"footnotes":""},"categories":[1],"tags":[],"class_list":["post-39438","post","type-post","status-publish","format-standard","has-post-thumbnail","hentry","category-cronica"],"_links":{"self":[{"href":"https:\/\/www.radiopresidenteibanez.cl\/web\/wp-json\/wp\/v2\/posts\/39438","targetHints":{"allow":["GET"]}}],"collection":[{"href":"https:\/\/www.radiopresidenteibanez.cl\/web\/wp-json\/wp\/v2\/posts"}],"about":[{"href":"https:\/\/www.radiopresidenteibanez.cl\/web\/wp-json\/wp\/v2\/types\/post"}],"author":[{"embeddable":true,"href":"https:\/\/www.radiopresidenteibanez.cl\/web\/wp-json\/wp\/v2\/users\/2"}],"replies":[{"embeddable":true,"href":"https:\/\/www.radiopresidenteibanez.cl\/web\/wp-json\/wp\/v2\/comments?post=39438"}],"version-history":[{"count":0,"href":"https:\/\/www.radiopresidenteibanez.cl\/web\/wp-json\/wp\/v2\/posts\/39438\/revisions"}],"wp:featuredmedia":[{"embeddable":true,"href":"https:\/\/www.radiopresidenteibanez.cl\/web\/wp-json\/wp\/v2\/media\/39439"}],"wp:attachment":[{"href":"https:\/\/www.radiopresidenteibanez.cl\/web\/wp-json\/wp\/v2\/media?parent=39438"}],"wp:term":[{"taxonomy":"category","embeddable":true,"href":"https:\/\/www.radiopresidenteibanez.cl\/web\/wp-json\/wp\/v2\/categories?post=39438"},{"taxonomy":"post_tag","embeddable":true,"href":"https:\/\/www.radiopresidenteibanez.cl\/web\/wp-json\/wp\/v2\/tags?post=39438"}],"curies":[{"name":"wp","href":"https:\/\/api.w.org\/{rel}","templated":true}]}}