{"id":39434,"date":"2023-05-05T16:19:00","date_gmt":"2023-05-05T19:19:00","guid":{"rendered":"https:\/\/www.radiopresidenteibanez.cl\/web\/?p=39434"},"modified":"2023-05-05T11:07:25","modified_gmt":"2023-05-05T14:07:25","slug":"alcalde-de-porvenir-seremi-de-agricultura-y-director-de-indap-visitaron-a-beneficiaria-de-programa-prodesal","status":"publish","type":"post","link":"https:\/\/www.radiopresidenteibanez.cl\/web\/alcalde-de-porvenir-seremi-de-agricultura-y-director-de-indap-visitaron-a-beneficiaria-de-programa-prodesal\/","title":{"rendered":"ALCALDE DE PORVENIR, SEREMI DE AGRICULTURA Y DIRECTOR DE INDAP VISITARON A BENEFICIARIA DE PROGRAMA PRODESAL"},"content":{"rendered":"\n<p>la productora fueguina Gladys Barrientos, de 60 a\u00f1os, una de los casi 30 beneficiarios con los que cuenta el Programa de Desarrollo Local (Prodesal) en Tierra del Fuego, recibi\u00f3 la visita del alcalde Jos\u00e9 Gabriel Parada Aguilar, quien se present\u00f3 acompa\u00f1ado por el director regional del Instituto Nacional de Desarrollo Agropecuario (INDAP), Gabriel Zejers M\u00fcller, y la Secretaria Regional Ministerial de Agricultura de la regi\u00f3n de Magallanes, Irene Ram\u00edrez M\u00e9rida.<\/p>\n\n\n\n<p>De acuerdo con Ram\u00edrez M\u00e9rida, comenzar\u00e1n en junio a abrirse los concursos espec\u00edficos para la regi\u00f3n de Magallanes por 900 millones de pesos destinados a la mitigaci\u00f3n y adaptaci\u00f3n al cambio clim\u00e1tico, como la mejora y\/o construcci\u00f3n de pozos y sistemas de acumulaci\u00f3n y circulaci\u00f3n de agua.<\/p>\n\n\n\n<p>El objetivo es optimizar la gesti\u00f3n h\u00eddrica para poder ampliar las superficies productivas de la provincia y de la regi\u00f3n. En la provincia de Tierra del Fuego, ya son casi 30 los agricultores y ganaderos que reciben ayudas a trav\u00e9s del Prodesal y en los pr\u00f3ximos meses este n\u00famero se ampliar\u00e1 con el lanzamiento de nuevos concursos para acceder a los beneficios del programa.<\/p>\n\n\n\n<p>\u201cComo regi\u00f3n, hemos estado sufriendo tiempos dif\u00edciles en lo que respecta al cambio clim\u00e1tico, especialmente en relaci\u00f3n a las precipitaciones. Por eso estamos trabajando con delegaciones y alcaldes para entender cu\u00e1les son las necesidades de los territorios para poder hacer frente y adaptarse a las nuevas condiciones\u201d, coment\u00f3 Ram\u00edrez M\u00e9rida.<\/p>\n\n\n\n<p>La Seremi de Agricultura de Magallanes puntualiz\u00f3 adem\u00e1s que Gladys forma parte de un grupo de 20 agricultores y 8 ganaderos de la provincia de Tierra del Fuego que ya son beneficiarios del programa Prodesal y resalt\u00f3 la importancia de dar a conocer la Comisi\u00f3n Nacional de Riego a los productores de la provincia y de la regi\u00f3n, porque es a trav\u00e9s de esa instancia que podr\u00e1n acceder a los recursos que se dispondr\u00e1n a partir de junio.<\/p>\n\n\n\n<p>La vecina Gladys Barrientos, destac\u00f3 que es muy importante el apoyo de las diferentes instancias del Estado y agradeci\u00f3 \u201ca Dios y a todas las personas que hacen posible que podamos acceder a lo esencial: el agua\u201d.<\/p>\n\n\n\n<p>En un contexto de crisis h\u00eddrica que afecta a toda la regi\u00f3n, todas las iniciativas son bienvenidas. En ese sentido, el alcalde de Porvenir destac\u00f3 la importancia de la alianza entre el Ministerio de Agricultura, a trav\u00e9s del INDAP, y de los gobiernos locales para poder adaptar el sector agropecuario a los desaf\u00edos que plantea el cambio clim\u00e1tico.<\/p>\n\n\n\n<p>Ante este panorama, \u201cestamos postulando un vivero municipal\u201d, declar\u00f3 el alcalde Jos\u00e9 Gabriel Parada Aguilar.<\/p>\n\n\n\n<p>\u201cPodemos hacer una alianza estrat\u00e9gica -a\u00f1adi\u00f3- y quiz\u00e1s tambi\u00e9n un sector de agua dulce en el Cord\u00f3n Baquedano. Hay ciertas iniciativas que se pueden trabajar de forma mancomunada para beneficio de los productores, los ganaderos y los peque\u00f1os agricultores de la zona. Estamos muy contentos\u201d.<\/p>\n\n\n\n<p>Por su parte, Gabriel Zejers M\u00fcller, director regional del INDAP en Magallanes, destac\u00f3 los avances constatados en la producci\u00f3n de Barrientos: \u201cElla viene trabajando con el INDAP desde hace varios a\u00f1os, tanto al aire libre como bajo invernadero, y hoy nos alegra particularmente que se pudo poner en funcionamiento un pozo que hab\u00eda sido construido hace algunos a\u00f1os y que finalmente pudo ser habilitado\u201d.<\/p>\n\n\n\n<p>Tambi\u00e9n se est\u00e1 construyendo un proyecto de riego tecnificado que va a permitir utilizar esta agua con la mayor eficiencia posible. \u201cHablamos de un 90% de eficiencia\u201d, agreg\u00f3 Zejers.<\/p>\n\n\n\n<p>\u201cEl a\u00f1o pasado no me fue muy bien, pero este a\u00f1o me fue mejor. Hay que ser perseverante. A m\u00ed me gusta mucho trabajar la tierra y me siento agradecida por la ayuda del INDAP, por el Prodesal. Sola no se puede\u201d, se\u00f1al\u00f3 Gladys Barrientos.<\/p>\n","protected":false},"excerpt":{"rendered":"<p>la productora fueguina Gladys Barrientos, de 60 a\u00f1os, una de los casi 30 beneficiarios con los que cuenta el Programa de Desarrollo Local (Prodesal) en Tierra del Fuego, recibi\u00f3 la&#8230; <a class=\"read-more\" href=\"https:\/\/www.radiopresidenteibanez.cl\/web\/alcalde-de-porvenir-seremi-de-agricultura-y-director-de-indap-visitaron-a-beneficiaria-de-programa-prodesal\/\">Leer m\u00e1s<\/a><\/p>\n","protected":false},"author":2,"featured_media":39435,"comment_status":"closed","ping_status":"closed","sticky":false,"template":"","format":"standard","meta":{"footnotes":""},"categories":[1],"tags":[],"class_list":["post-39434","post","type-post","status-publish","format-standard","has-post-thumbnail","hentry","category-cronica"],"_links":{"self":[{"href":"https:\/\/www.radiopresidenteibanez.cl\/web\/wp-json\/wp\/v2\/posts\/39434","targetHints":{"allow":["GET"]}}],"collection":[{"href":"https:\/\/www.radiopresidenteibanez.cl\/web\/wp-json\/wp\/v2\/posts"}],"about":[{"href":"https:\/\/www.radiopresidenteibanez.cl\/web\/wp-json\/wp\/v2\/types\/post"}],"author":[{"embeddable":true,"href":"https:\/\/www.radiopresidenteibanez.cl\/web\/wp-json\/wp\/v2\/users\/2"}],"replies":[{"embeddable":true,"href":"https:\/\/www.radiopresidenteibanez.cl\/web\/wp-json\/wp\/v2\/comments?post=39434"}],"version-history":[{"count":0,"href":"https:\/\/www.radiopresidenteibanez.cl\/web\/wp-json\/wp\/v2\/posts\/39434\/revisions"}],"wp:featuredmedia":[{"embeddable":true,"href":"https:\/\/www.radiopresidenteibanez.cl\/web\/wp-json\/wp\/v2\/media\/39435"}],"wp:attachment":[{"href":"https:\/\/www.radiopresidenteibanez.cl\/web\/wp-json\/wp\/v2\/media?parent=39434"}],"wp:term":[{"taxonomy":"category","embeddable":true,"href":"https:\/\/www.radiopresidenteibanez.cl\/web\/wp-json\/wp\/v2\/categories?post=39434"},{"taxonomy":"post_tag","embeddable":true,"href":"https:\/\/www.radiopresidenteibanez.cl\/web\/wp-json\/wp\/v2\/tags?post=39434"}],"curies":[{"name":"wp","href":"https:\/\/api.w.org\/{rel}","templated":true}]}}