{"id":3943,"date":"2019-05-06T17:04:44","date_gmt":"2019-05-06T17:04:44","guid":{"rendered":"http:\/\/www.radiopresidenteibanez.cl\/web\/?p=3943"},"modified":"2019-05-06T17:05:17","modified_gmt":"2019-05-06T17:05:17","slug":"juan-jose-arcos-tribunal-supremo-del-pri-confirmo-expulsion-del-ex-gobernador","status":"publish","type":"post","link":"https:\/\/www.radiopresidenteibanez.cl\/web\/juan-jose-arcos-tribunal-supremo-del-pri-confirmo-expulsion-del-ex-gobernador\/","title":{"rendered":"JUAN JOS\u00c9 ARCOS: TRIBUNAL SUPREMO DEL PRI CONFIRM\u00d3 EXPULSI\u00d3N DEL EX GOBERNADOR"},"content":{"rendered":"\n<p>La expulsi\u00f3n del abogado y ex Gobernador de la Provincia Ant\u00e1rtica,\nJuan Jos\u00e9 Arcos, se suma a la exclusi\u00f3n de Eduardo Salas y Elson B\u00f3rquez que fue\nsuspendida su militancia mientras sigue en curso el proceso en el Tribunal\nSupremo del Partido Regionalista Independiente (PRI).<\/p>\n\n\n\n<p>Cabe destacar que Arcos, junto a otros militantes y\nexmilitantes del partido, participaron de una reuni\u00f3n sin asidero pol\u00edtico y\nlegal en la que se eligi\u00f3 una directiva paralela comandada por Elson B\u00f3rquez y\nEduardo Salas Cerda el pasado 12 de abril en Santiago.<\/p>\n\n\n\n<p>Por otro lado, ambos dirigentes han efectuado diversas presentaciones en el Servicio Electoral intentando objetar sin \u00e9xito el triunfo de la directiva oficial de Hugo Ortiz De Filippi en las elecciones internas del 17 de noviembre.<\/p>\n\n\n\n<figure class=\"wp-block-image\"><img loading=\"lazy\" decoding=\"async\" width=\"677\" height=\"400\" src=\"http:\/\/www.radiopresidenteibanez.cl\/web\/wp-content\/uploads\/2019\/05\/6JUAN-JOSE-ARCOS-GL02-677x400.jpg\" alt=\"\" class=\"wp-image-3944\" srcset=\"https:\/\/www.radiopresidenteibanez.cl\/web\/wp-content\/uploads\/2019\/05\/6JUAN-JOSE-ARCOS-GL02-677x400.jpg 677w, https:\/\/www.radiopresidenteibanez.cl\/web\/wp-content\/uploads\/2019\/05\/6JUAN-JOSE-ARCOS-GL02-677x400-300x177.jpg 300w\" sizes=\"auto, (max-width: 677px) 100vw, 677px\" \/><\/figure>\n","protected":false},"excerpt":{"rendered":"<p>La expulsi\u00f3n del abogado y ex Gobernador de la Provincia Ant\u00e1rtica, Juan Jos\u00e9 Arcos, se suma a la exclusi\u00f3n de Eduardo Salas y Elson B\u00f3rquez que fue suspendida su militancia&#8230; <a class=\"read-more\" href=\"https:\/\/www.radiopresidenteibanez.cl\/web\/juan-jose-arcos-tribunal-supremo-del-pri-confirmo-expulsion-del-ex-gobernador\/\">Leer m\u00e1s<\/a><\/p>\n","protected":false},"author":2,"featured_media":3944,"comment_status":"closed","ping_status":"closed","sticky":false,"template":"","format":"standard","meta":{"footnotes":""},"categories":[5],"tags":[],"class_list":["post-3943","post","type-post","status-publish","format-standard","has-post-thumbnail","hentry","category-politica"],"_links":{"self":[{"href":"https:\/\/www.radiopresidenteibanez.cl\/web\/wp-json\/wp\/v2\/posts\/3943","targetHints":{"allow":["GET"]}}],"collection":[{"href":"https:\/\/www.radiopresidenteibanez.cl\/web\/wp-json\/wp\/v2\/posts"}],"about":[{"href":"https:\/\/www.radiopresidenteibanez.cl\/web\/wp-json\/wp\/v2\/types\/post"}],"author":[{"embeddable":true,"href":"https:\/\/www.radiopresidenteibanez.cl\/web\/wp-json\/wp\/v2\/users\/2"}],"replies":[{"embeddable":true,"href":"https:\/\/www.radiopresidenteibanez.cl\/web\/wp-json\/wp\/v2\/comments?post=3943"}],"version-history":[{"count":0,"href":"https:\/\/www.radiopresidenteibanez.cl\/web\/wp-json\/wp\/v2\/posts\/3943\/revisions"}],"wp:featuredmedia":[{"embeddable":true,"href":"https:\/\/www.radiopresidenteibanez.cl\/web\/wp-json\/wp\/v2\/media\/3944"}],"wp:attachment":[{"href":"https:\/\/www.radiopresidenteibanez.cl\/web\/wp-json\/wp\/v2\/media?parent=3943"}],"wp:term":[{"taxonomy":"category","embeddable":true,"href":"https:\/\/www.radiopresidenteibanez.cl\/web\/wp-json\/wp\/v2\/categories?post=3943"},{"taxonomy":"post_tag","embeddable":true,"href":"https:\/\/www.radiopresidenteibanez.cl\/web\/wp-json\/wp\/v2\/tags?post=3943"}],"curies":[{"name":"wp","href":"https:\/\/api.w.org\/{rel}","templated":true}]}}