{"id":39428,"date":"2023-05-05T13:55:00","date_gmt":"2023-05-05T16:55:00","guid":{"rendered":"https:\/\/www.radiopresidenteibanez.cl\/web\/?p=39428"},"modified":"2023-05-05T10:37:51","modified_gmt":"2023-05-05T13:37:51","slug":"40-directivos-de-establecimientos-educacionales-de-la-region-se-capacitaron-en-taller-de-liderazgo-multidimensional","status":"publish","type":"post","link":"https:\/\/www.radiopresidenteibanez.cl\/web\/40-directivos-de-establecimientos-educacionales-de-la-region-se-capacitaron-en-taller-de-liderazgo-multidimensional\/","title":{"rendered":"40 DIRECTIVOS DE ESTABLECIMIENTOS EDUCACIONALES DE LA REGION SE CAPACITARON EN TALLER DE LIDERAZGO MULTIDIMENSIONAL"},"content":{"rendered":"\n<p>40 directores y jefes de UTP de establecimientos p\u00fablicos y privados de Punta<br>Arenas, Porvenir y Puerto Natales participaron en el taller de desarrollo de<br>liderazgo multidimensional organizado por Fundaci\u00f3n Teraike y dictado por<br>Gustavo Rojas, M\u00e1ster en educaci\u00f3n de la Universidad de Harvard y consultor con<br>amplia experiencia en Chile y Latinoam\u00e9rica.<br>La actividad se realiz\u00f3 en el Sal\u00f3n Gabriela Mistral de la Seremi de Educaci\u00f3n y<br>cont\u00f3 tambi\u00e9n con la participaci\u00f3n de profesionales del Servicio Local de<br>Educaci\u00f3n, la Universidad de Magallanes y Ense\u00f1a Chile.<br>\u201cEstamos muy contentos con esta actividad que realiza Fundaci\u00f3n Teraike que<br>tiene que ver con desarrollo de habilidades para los equipos de gesti\u00f3n. Es muy<br>importante considerando la relevancia con que cuentan estos equipos dentro del<br>plan de reactivaci\u00f3n educativa\u201d, coment\u00f3 el Seremi de Educaci\u00f3n, Valent\u00edn<br>Aguilera.<br>En el taller se present\u00f3 el modelo multidimensional de las organizaciones y su<br>aplicaci\u00f3n en la educaci\u00f3n para luego aplicarlo en la realidad cotidiana,<br>identificando y analizando desaf\u00edos concretos de las duplas directivas y generando<br>un plan de acci\u00f3n, que tendr\u00e1 un seguimiento posterior. Los asistentes<br>participaron activamente y pudieron compartir experiencias y recibir<br>retroalimentaci\u00f3n.<br>El relator, Gustavo Rojas, quien viaj\u00f3 desde M\u00e9xico para dictar este taller,<br>actualmente se desempe\u00f1a como director de Mexicanos primero, centro de<br>estudios educacionales en Sinaloa, M\u00e9xico, y es asesor en iniciativas para<br>investigaci\u00f3n e intervenci\u00f3n enfocadas en promover la justicia educativa en<br>Latinoam\u00e9rica. Sobre la actividad coment\u00f3:<br>\u201cFue una oportunidad de crecimiento profesional y personal con gran participaci\u00f3n<br>de los equipos. Podemos confirmar despu\u00e9s de esta sesi\u00f3n que estamos<br>presentando un modelo innovador y novedoso de c\u00f3mo entender los desaf\u00edos<br>complejos de liderar una organizaci\u00f3n educativa. Hoy les entregamos<br>herramientas para pensar con mayor profundidad y les hizo mucho sentido porque<br>las cuatro dimensiones que presentamos tocaron la fibra de muchas de las<br>problem\u00e1ticas que se viven d\u00eda a d\u00eda en las escuelas\u201d.<\/p>\n","protected":false},"excerpt":{"rendered":"<p>40 directores y jefes de UTP de establecimientos p\u00fablicos y privados de PuntaArenas, Porvenir y Puerto Natales participaron en el taller de desarrollo deliderazgo multidimensional organizado por Fundaci\u00f3n Teraike y&#8230; <a class=\"read-more\" href=\"https:\/\/www.radiopresidenteibanez.cl\/web\/40-directivos-de-establecimientos-educacionales-de-la-region-se-capacitaron-en-taller-de-liderazgo-multidimensional\/\">Leer m\u00e1s<\/a><\/p>\n","protected":false},"author":2,"featured_media":39429,"comment_status":"closed","ping_status":"closed","sticky":false,"template":"","format":"standard","meta":{"footnotes":""},"categories":[1],"tags":[],"class_list":["post-39428","post","type-post","status-publish","format-standard","has-post-thumbnail","hentry","category-cronica"],"_links":{"self":[{"href":"https:\/\/www.radiopresidenteibanez.cl\/web\/wp-json\/wp\/v2\/posts\/39428","targetHints":{"allow":["GET"]}}],"collection":[{"href":"https:\/\/www.radiopresidenteibanez.cl\/web\/wp-json\/wp\/v2\/posts"}],"about":[{"href":"https:\/\/www.radiopresidenteibanez.cl\/web\/wp-json\/wp\/v2\/types\/post"}],"author":[{"embeddable":true,"href":"https:\/\/www.radiopresidenteibanez.cl\/web\/wp-json\/wp\/v2\/users\/2"}],"replies":[{"embeddable":true,"href":"https:\/\/www.radiopresidenteibanez.cl\/web\/wp-json\/wp\/v2\/comments?post=39428"}],"version-history":[{"count":0,"href":"https:\/\/www.radiopresidenteibanez.cl\/web\/wp-json\/wp\/v2\/posts\/39428\/revisions"}],"wp:featuredmedia":[{"embeddable":true,"href":"https:\/\/www.radiopresidenteibanez.cl\/web\/wp-json\/wp\/v2\/media\/39429"}],"wp:attachment":[{"href":"https:\/\/www.radiopresidenteibanez.cl\/web\/wp-json\/wp\/v2\/media?parent=39428"}],"wp:term":[{"taxonomy":"category","embeddable":true,"href":"https:\/\/www.radiopresidenteibanez.cl\/web\/wp-json\/wp\/v2\/categories?post=39428"},{"taxonomy":"post_tag","embeddable":true,"href":"https:\/\/www.radiopresidenteibanez.cl\/web\/wp-json\/wp\/v2\/tags?post=39428"}],"curies":[{"name":"wp","href":"https:\/\/api.w.org\/{rel}","templated":true}]}}