{"id":39414,"date":"2023-05-05T08:25:00","date_gmt":"2023-05-05T11:25:00","guid":{"rendered":"https:\/\/www.radiopresidenteibanez.cl\/web\/?p=39414"},"modified":"2023-05-05T08:19:48","modified_gmt":"2023-05-05T11:19:48","slug":"carabinero-que-salvo-a-madre-e-hija-de-morir-en-las-aguas-del-estrecho-de-magallanes-fue-reconocido-por-el-alcalde-radonich","status":"publish","type":"post","link":"https:\/\/www.radiopresidenteibanez.cl\/web\/carabinero-que-salvo-a-madre-e-hija-de-morir-en-las-aguas-del-estrecho-de-magallanes-fue-reconocido-por-el-alcalde-radonich\/","title":{"rendered":"CARABINERO QUE SALV\u00d3 A MADRE E HIJA DE MORIR EN LAS AGUAS DEL ESTRECHO DE MAGALLANES FUE RECONOCIDO POR EL ALCALDE RADONICH"},"content":{"rendered":"\n<p>Sorprendido se mostr\u00f3 el sargento 2do de Carabineros de Chile, Alex S\u00e1nchez Yevenes, al recibir la invitaci\u00f3n por parte del Alcalde Claudio Radonich para que pudiera acercarse al municipio local, con el fin de recibir un reconocimiento por su heroica acci\u00f3n concretada el pasado martes 2 de mayo, instancia en la cual logr\u00f3 salvar a una madre y su hija de morir ahogadas en las fr\u00edas aguas del estrecho de Magallanes, luego de sufrir un accidente en el lado sur de la comuna.<\/p>\n\n\n\n<p>El funcionario policial, que pertenece a la dotaci\u00f3n del Ret\u00e9n Agua Fresca, ubicado a 30 kil\u00f3metros al sur de la ciudad, agradeci\u00f3 las muestras de agradecimiento que ha recibido y expres\u00f3 que \u201cestoy sorprendido porque es primera vez que soy reconocido por algo as\u00ed. Por lo general Carabineros siempre realiza acciones as\u00ed, pero quedan en el anonimato, por lo que es bueno que se reconozca la labor diaria que realiza Carabineros, porque es un incentivo para m\u00ed y todos mis colegas\u201d.<\/p>\n\n\n\n<p>\u201cAqu\u00ed en la Regi\u00f3n estoy hace un a\u00f1o y cinco meses, en el ret\u00e9n de Agua Fresca, as\u00ed que contento\u201d, agreg\u00f3 el sargento S\u00e1nchez. De igual forma, dijo que sus colegas y su familia lo han felicitado, pero tambi\u00e9n sum\u00f3 que es algo nuevo para \u00e9l y que le hace bien a la instituci\u00f3n que representa a diario.<\/p>\n\n\n\n<p>Por su parte, el Alcalde Radonich recalc\u00f3 que \u201caqu\u00ed hay un acto de empat\u00eda y valent\u00eda, por tanto, puso en riesgo su vida, y que bueno que el final fue feliz. A estos h\u00e9roes hay que decirles gracias de inmediato y no esperar una fecha especial, por lo que quisimos materializarlo en un peque\u00f1o reconocimiento por parte de la Municipalidad y que representa las gracias de toda una comunidad\u201d.<\/p>\n","protected":false},"excerpt":{"rendered":"<p>Sorprendido se mostr\u00f3 el sargento 2do de Carabineros de Chile, Alex S\u00e1nchez Yevenes, al recibir la invitaci\u00f3n por parte del Alcalde Claudio Radonich para que pudiera acercarse al municipio local,&#8230; <a class=\"read-more\" href=\"https:\/\/www.radiopresidenteibanez.cl\/web\/carabinero-que-salvo-a-madre-e-hija-de-morir-en-las-aguas-del-estrecho-de-magallanes-fue-reconocido-por-el-alcalde-radonich\/\">Leer m\u00e1s<\/a><\/p>\n","protected":false},"author":2,"featured_media":39415,"comment_status":"closed","ping_status":"closed","sticky":false,"template":"","format":"standard","meta":{"footnotes":""},"categories":[1],"tags":[],"class_list":["post-39414","post","type-post","status-publish","format-standard","has-post-thumbnail","hentry","category-cronica"],"_links":{"self":[{"href":"https:\/\/www.radiopresidenteibanez.cl\/web\/wp-json\/wp\/v2\/posts\/39414","targetHints":{"allow":["GET"]}}],"collection":[{"href":"https:\/\/www.radiopresidenteibanez.cl\/web\/wp-json\/wp\/v2\/posts"}],"about":[{"href":"https:\/\/www.radiopresidenteibanez.cl\/web\/wp-json\/wp\/v2\/types\/post"}],"author":[{"embeddable":true,"href":"https:\/\/www.radiopresidenteibanez.cl\/web\/wp-json\/wp\/v2\/users\/2"}],"replies":[{"embeddable":true,"href":"https:\/\/www.radiopresidenteibanez.cl\/web\/wp-json\/wp\/v2\/comments?post=39414"}],"version-history":[{"count":0,"href":"https:\/\/www.radiopresidenteibanez.cl\/web\/wp-json\/wp\/v2\/posts\/39414\/revisions"}],"wp:featuredmedia":[{"embeddable":true,"href":"https:\/\/www.radiopresidenteibanez.cl\/web\/wp-json\/wp\/v2\/media\/39415"}],"wp:attachment":[{"href":"https:\/\/www.radiopresidenteibanez.cl\/web\/wp-json\/wp\/v2\/media?parent=39414"}],"wp:term":[{"taxonomy":"category","embeddable":true,"href":"https:\/\/www.radiopresidenteibanez.cl\/web\/wp-json\/wp\/v2\/categories?post=39414"},{"taxonomy":"post_tag","embeddable":true,"href":"https:\/\/www.radiopresidenteibanez.cl\/web\/wp-json\/wp\/v2\/tags?post=39414"}],"curies":[{"name":"wp","href":"https:\/\/api.w.org\/{rel}","templated":true}]}}