{"id":3940,"date":"2019-05-06T16:50:04","date_gmt":"2019-05-06T16:50:04","guid":{"rendered":"http:\/\/www.radiopresidenteibanez.cl\/web\/?p=3940"},"modified":"2019-05-06T16:50:46","modified_gmt":"2019-05-06T16:50:46","slug":"la-senadora-y-presidenta-nacional-de-la-udi-jacqueline-van-rysselberghe-llegaria-este-viernes-a-punta-arenas","status":"publish","type":"post","link":"https:\/\/www.radiopresidenteibanez.cl\/web\/la-senadora-y-presidenta-nacional-de-la-udi-jacqueline-van-rysselberghe-llegaria-este-viernes-a-punta-arenas\/","title":{"rendered":"LA SENADORA Y PRESIDENTA NACIONAL DE LA UDI JACQUELINE VAN RYSSELBERGHE, LLEGAR\u00cdA ESTE VIERNES A PUNTA ARENAS"},"content":{"rendered":"\n<p>Comienzan a moverse las piezas de cara a las elecciones populares del pr\u00f3ximo a\u00f1o, durante el pasado s\u00e1bado la actual oposici\u00f3n realiz\u00f3 un c\u00f3nclave pol\u00edtico, mientras que el actual oficialismo no se queda atr\u00e1s, mientras el PRI tendr\u00edan sus cartas aseguradas para las elecciones de Gobernador, la UDI espera comenzar a concretar lo mismo, es por lo anterior que este pr\u00f3ximo viernes Jacqueline van Rysselberghe, presidenta nacional de la UDI, llegar\u00e1 hasta Punta Arenas, para reunirse con los militantes y comenzar a trabajar en las elecciones populares.<\/p>\n\n\n\n<figure class=\"wp-block-image\"><img loading=\"lazy\" decoding=\"async\" width=\"1024\" height=\"576\" src=\"https:\/\/www.radiopresidenteibanez.cl\/web\/wp-content\/uploads\/2019\/05\/Jacqueline-van-Rysselberghe-e1488633491380-1024x576.jpg\" alt=\"\" class=\"wp-image-3941\" srcset=\"https:\/\/www.radiopresidenteibanez.cl\/web\/wp-content\/uploads\/2019\/05\/Jacqueline-van-Rysselberghe-e1488633491380-1024x576.jpg 1024w, https:\/\/www.radiopresidenteibanez.cl\/web\/wp-content\/uploads\/2019\/05\/Jacqueline-van-Rysselberghe-e1488633491380-300x169.jpg 300w, https:\/\/www.radiopresidenteibanez.cl\/web\/wp-content\/uploads\/2019\/05\/Jacqueline-van-Rysselberghe-e1488633491380-768x432.jpg 768w, https:\/\/www.radiopresidenteibanez.cl\/web\/wp-content\/uploads\/2019\/05\/Jacqueline-van-Rysselberghe-e1488633491380.jpg 1200w\" sizes=\"auto, (max-width: 1024px) 100vw, 1024px\" \/><\/figure>\n","protected":false},"excerpt":{"rendered":"<p>Comienzan a moverse las piezas de cara a las elecciones populares del pr\u00f3ximo a\u00f1o, durante el pasado s\u00e1bado la actual oposici\u00f3n realiz\u00f3 un c\u00f3nclave pol\u00edtico, mientras que el actual oficialismo&#8230; <a class=\"read-more\" href=\"https:\/\/www.radiopresidenteibanez.cl\/web\/la-senadora-y-presidenta-nacional-de-la-udi-jacqueline-van-rysselberghe-llegaria-este-viernes-a-punta-arenas\/\">Leer m\u00e1s<\/a><\/p>\n","protected":false},"author":2,"featured_media":3941,"comment_status":"closed","ping_status":"closed","sticky":false,"template":"","format":"standard","meta":{"footnotes":""},"categories":[5],"tags":[],"class_list":["post-3940","post","type-post","status-publish","format-standard","has-post-thumbnail","hentry","category-politica"],"_links":{"self":[{"href":"https:\/\/www.radiopresidenteibanez.cl\/web\/wp-json\/wp\/v2\/posts\/3940","targetHints":{"allow":["GET"]}}],"collection":[{"href":"https:\/\/www.radiopresidenteibanez.cl\/web\/wp-json\/wp\/v2\/posts"}],"about":[{"href":"https:\/\/www.radiopresidenteibanez.cl\/web\/wp-json\/wp\/v2\/types\/post"}],"author":[{"embeddable":true,"href":"https:\/\/www.radiopresidenteibanez.cl\/web\/wp-json\/wp\/v2\/users\/2"}],"replies":[{"embeddable":true,"href":"https:\/\/www.radiopresidenteibanez.cl\/web\/wp-json\/wp\/v2\/comments?post=3940"}],"version-history":[{"count":0,"href":"https:\/\/www.radiopresidenteibanez.cl\/web\/wp-json\/wp\/v2\/posts\/3940\/revisions"}],"wp:featuredmedia":[{"embeddable":true,"href":"https:\/\/www.radiopresidenteibanez.cl\/web\/wp-json\/wp\/v2\/media\/3941"}],"wp:attachment":[{"href":"https:\/\/www.radiopresidenteibanez.cl\/web\/wp-json\/wp\/v2\/media?parent=3940"}],"wp:term":[{"taxonomy":"category","embeddable":true,"href":"https:\/\/www.radiopresidenteibanez.cl\/web\/wp-json\/wp\/v2\/categories?post=3940"},{"taxonomy":"post_tag","embeddable":true,"href":"https:\/\/www.radiopresidenteibanez.cl\/web\/wp-json\/wp\/v2\/tags?post=3940"}],"curies":[{"name":"wp","href":"https:\/\/api.w.org\/{rel}","templated":true}]}}