{"id":39394,"date":"2023-05-04T12:47:00","date_gmt":"2023-05-04T15:47:00","guid":{"rendered":"https:\/\/www.radiopresidenteibanez.cl\/web\/?p=39394"},"modified":"2023-05-04T11:11:24","modified_gmt":"2023-05-04T14:11:24","slug":"delegacion-de-alumnos-de-la-escuela-villa-las-nieves-visito-el-museo-naval-y-maritimo-de-punta-arenas","status":"publish","type":"post","link":"https:\/\/www.radiopresidenteibanez.cl\/web\/delegacion-de-alumnos-de-la-escuela-villa-las-nieves-visito-el-museo-naval-y-maritimo-de-punta-arenas\/","title":{"rendered":"DELEGACI\u00d3N DE ALUMNOS DE LA ESCUELA \u201cVILLA LAS NIEVES\u201d\u00a0VISIT\u00d3 EL MUSEO NAVAL Y MAR\u00cdTIMO DE PUNTA ARENAS"},"content":{"rendered":"\n<p>En el marco de las actividades del Mes del Mar 2023, una delegaci\u00f3n de alumnos de quinto a\u00f1o b\u00e1sico de la Escuela \u201cVilla las Nieves\u201d de Punta Arenas, visit\u00f3 la muestra permanente del Museo Naval y Mar\u00edtimo de Magallanes.<\/p>\n\n\n\n<p>La visita se desarroll\u00f3 junto con profesores y apoderados, quienes fueron guiados por miembros de la Reserva del Destacamento de Infanter\u00eda de Marina N\u00aa 4 Cochrane y el curador del Museo Naval y Mar\u00edtimo Jos\u00e9 Mendoza.<\/p>\n\n\n\n<p>La actividad se encuentra enmarcada en las diferentes iniciativas del Mes del Mar 2023, en donde se ha recibido diferentes establecimientos de la capital regional de la Regi\u00f3n de Magallanes y Ant\u00e1rtica Chilena, siendo un punto de encuentro con nuestra historia y los desaf\u00edos futuros de la regi\u00f3n austral a trav\u00e9s del mar.<\/p>\n\n\n\n<p>El curador del Museo Naval y Mar\u00edtimo, Jos\u00e9 Mendoza, coment\u00f3 que \u201c<em>este es un punto de encuentro con nuestra historia, para compartir y encantarse, siendo un placer recibir a delegaciones de distintos establecimientos en este mes tan especial<\/em>\u201d, a\u00f1adiendo que \u201c<em>mayo es el Mes del Mar, sin embargo ac\u00e1 lo vivimos todos los d\u00edas e invitamos a quienes quieran conocer de nuestra historia a visitarnos<\/em>\u201d.<\/p>\n\n\n\n<p>Los alumnos pudieron conocer lo que fue la Toma de Posesi\u00f3n del Estrecho de Magallanes en 1843, historia de unidades navales, parte de la historia de la Armada de Chile en el Territorio Chileno Ant\u00e1rtico, funciones y ubicaci\u00f3n de los faros habitados en la jurisdicci\u00f3n de la Tercera Zona Naval, as\u00ed como tambi\u00e9n sobre la Guerra del Pac\u00edfico y el desconocido rol de Punta Arenas en el conflicto.&nbsp;<\/p>\n\n\n\n<p>De esta forma los alumnos, apoderados y profesores asistentes&nbsp;&nbsp;recorrieron las diferentes salas conociendo hitos de nuestra historia naval y mar\u00edtima en la Regi\u00f3n de Magallanes y Ant\u00e1rtica Chilena, aprendiendo sobre importantes procesos hist\u00f3ricos que se proyectaron a trav\u00e9s de nuestro mar.<\/p>\n","protected":false},"excerpt":{"rendered":"<p>En el marco de las actividades del Mes del Mar 2023, una delegaci\u00f3n de alumnos de quinto a\u00f1o b\u00e1sico de la Escuela \u201cVilla las Nieves\u201d de Punta Arenas, visit\u00f3 la&#8230; <a class=\"read-more\" href=\"https:\/\/www.radiopresidenteibanez.cl\/web\/delegacion-de-alumnos-de-la-escuela-villa-las-nieves-visito-el-museo-naval-y-maritimo-de-punta-arenas\/\">Leer m\u00e1s<\/a><\/p>\n","protected":false},"author":2,"featured_media":39395,"comment_status":"closed","ping_status":"closed","sticky":false,"template":"","format":"standard","meta":{"footnotes":""},"categories":[1],"tags":[],"class_list":["post-39394","post","type-post","status-publish","format-standard","has-post-thumbnail","hentry","category-cronica"],"_links":{"self":[{"href":"https:\/\/www.radiopresidenteibanez.cl\/web\/wp-json\/wp\/v2\/posts\/39394","targetHints":{"allow":["GET"]}}],"collection":[{"href":"https:\/\/www.radiopresidenteibanez.cl\/web\/wp-json\/wp\/v2\/posts"}],"about":[{"href":"https:\/\/www.radiopresidenteibanez.cl\/web\/wp-json\/wp\/v2\/types\/post"}],"author":[{"embeddable":true,"href":"https:\/\/www.radiopresidenteibanez.cl\/web\/wp-json\/wp\/v2\/users\/2"}],"replies":[{"embeddable":true,"href":"https:\/\/www.radiopresidenteibanez.cl\/web\/wp-json\/wp\/v2\/comments?post=39394"}],"version-history":[{"count":0,"href":"https:\/\/www.radiopresidenteibanez.cl\/web\/wp-json\/wp\/v2\/posts\/39394\/revisions"}],"wp:featuredmedia":[{"embeddable":true,"href":"https:\/\/www.radiopresidenteibanez.cl\/web\/wp-json\/wp\/v2\/media\/39395"}],"wp:attachment":[{"href":"https:\/\/www.radiopresidenteibanez.cl\/web\/wp-json\/wp\/v2\/media?parent=39394"}],"wp:term":[{"taxonomy":"category","embeddable":true,"href":"https:\/\/www.radiopresidenteibanez.cl\/web\/wp-json\/wp\/v2\/categories?post=39394"},{"taxonomy":"post_tag","embeddable":true,"href":"https:\/\/www.radiopresidenteibanez.cl\/web\/wp-json\/wp\/v2\/tags?post=39394"}],"curies":[{"name":"wp","href":"https:\/\/api.w.org\/{rel}","templated":true}]}}