{"id":39388,"date":"2023-05-04T11:00:00","date_gmt":"2023-05-04T14:00:00","guid":{"rendered":"https:\/\/www.radiopresidenteibanez.cl\/web\/?p=39388"},"modified":"2023-05-04T10:47:37","modified_gmt":"2023-05-04T13:47:37","slug":"informativo-orbe-2","status":"publish","type":"post","link":"https:\/\/www.radiopresidenteibanez.cl\/web\/informativo-orbe-2\/","title":{"rendered":"INFORMATIVO ORBE"},"content":{"rendered":"\n<p>&nbsp;La canciller de Per\u00fa, Ana Mar\u00eda Gervasi, anunci\u00f3<br>que Venezuela enviar\u00e1 \u00aben los pr\u00f3ximos d\u00edas\u00bb un avi\u00f3n a Arica<br>para repatriar a los migrantes varados en la L\u00ednea de la<br>Concordia. En una sesi\u00f3n del Congreso pleno, dijo que su<br>cartera realiz\u00f3 coordinaciones con Venezuela para implementar<br>un vuelo de repatriaci\u00f3n para venezolanos que voluntariamente<br>deseen regresar a su pa\u00eds\u00bb, principalmente para quienes est\u00e9n<br>varados en Arica, \u00abaunque tambi\u00e9n en Tacna\u00bb, acot\u00f3.<\/p>\n\n\n\n<p>SANTIAGO.- El Presidente Gabriel Boric reiter\u00f3 el llamado a<br>la unidad de todos los sectores, para sacar adelante<br>iniciativas en beneficio de la ciudadan\u00eda, advirtiendo sobre<br>la alta polarizaci\u00f3n pol\u00edtica que a\u00fan vive el pa\u00eds. En una<br>actividad para promover la inscripci\u00f3n de tutores en el Plan<br>de Reactivaci\u00f3n Educativa 2023, Boric asegur\u00f3 que ese tipo de<br>iniciativas, donde hay colaboraci\u00f3n p\u00fablico-privada, son un<br>ejemplo para avanzar en esa direcci\u00f3n.<\/p>\n\n\n\n<p>SANTIAGO.- En ese contexto, el Mandatario dijo que \u00aben<br>tiempos de reproches y ataques de lado y lado, hay cosas en<br>que vale la pena ponernos de acuerdo\u00bb. \u00abTodos podemos<br>trabajar juntos, sin importar las diferencias. Estas son las<br>causas que pueden unir a Chile, y cu\u00e1nta falta nos hace la<br>unidad para poder sacar adelante las cosas que valen la<br>pena\u00bb, destac\u00f3.<\/p>\n\n\n\n<p>SANTIAGO.- El ministro de Hacienda, Mario Marcel, anunci\u00f3 que<br>dentro de las pr\u00f3ximas semanas el Gobierno dar\u00e1 a conocer su<br>pol\u00edtica nacional del hidr\u00f3geno verde. Marcel detall\u00f3 que \u00abes<br>similar en t\u00e9rminos de su significado a la pol\u00edtica nacional<br>del litio, donde por supuesto el protagonismo va a ser bien<br>distinto\u00bb. En ese sentido, sostuvo que \u00abesta es una industria<br>que est\u00e1 por desarrollarse\u00bb, por lo que \u00abno hay incumbentes<br>todav\u00eda en esta en esta industria\u00bb.<\/p>\n\n\n\n<p>SANTIAGO.- El secretario de Estado sostuvo que \u00abel potencial<br>que nuestro pa\u00eds tiene, en las comparaciones internacionales,<br>es el mayor en el mundo con nuestra capacidad para generar<br>energ\u00edas limpias\u00bb. Adem\u00e1s, el ministro detall\u00f3 que \u00abes algo<br>que estamos trabajando junto con el Ministerio de Energ\u00eda. Ya<br>se form\u00f3 un comit\u00e9 Corfo hace alg\u00fan tiempo, as\u00ed que pronto,<br>como dec\u00eda ac\u00e1, vamos a tener definiciones\u00bb, manifest\u00f3.<\/p>\n\n\n\n<p>VALPARAISO.- El diputado y presidente de Convergencia Social,<br>Diego Ib\u00e1\u00f1ez, se refiri\u00f3 a la querella que anunci\u00f3 en su<br>contra el empresario y candidato al Consejo Constitucional,<br>Juan Sutil. Esto, luego de que Ib\u00e1\u00f1ez asegurara, durante una<br>entrevista en TVN, que \u00abSutil pas\u00f3 un par de millones de<br>pesos a parlamentarios de Chile Vamos que despu\u00e9s en las<br>comisiones votan a favor de las AFP o en contra de la<br>democratizaci\u00f3n del derecho al agua\u00bb.<\/p>\n\n\n\n<p>VALPARAISO.- Al respecto, el parlamentario, dijo \u00abque est\u00e9<br>tranquila esa persona, aqu\u00ed nadie le ha imputado ning\u00fan<br>delito\u00bb. El legislador explic\u00f3 que \u00ablo que propusimos es una<br>reforma para disminuir los abusivos gastos en campa\u00f1as\u00bb.<br>Esto, porque \u00abel 80 por ciento del financiamiento privado de<br>las campa\u00f1as, lo tiene solamente un sector pol\u00edtico\u00bb, explic\u00f3<br>el timonel de CS.<\/p>\n","protected":false},"excerpt":{"rendered":"<p>&nbsp;La canciller de Per\u00fa, Ana Mar\u00eda Gervasi, anunci\u00f3que Venezuela enviar\u00e1 \u00aben los pr\u00f3ximos d\u00edas\u00bb un avi\u00f3n a Aricapara repatriar a los migrantes varados en la L\u00ednea de laConcordia. En una&#8230; <a class=\"read-more\" href=\"https:\/\/www.radiopresidenteibanez.cl\/web\/informativo-orbe-2\/\">Leer m\u00e1s<\/a><\/p>\n","protected":false},"author":2,"featured_media":39389,"comment_status":"closed","ping_status":"closed","sticky":false,"template":"","format":"standard","meta":{"footnotes":""},"categories":[1],"tags":[],"class_list":["post-39388","post","type-post","status-publish","format-standard","has-post-thumbnail","hentry","category-cronica"],"_links":{"self":[{"href":"https:\/\/www.radiopresidenteibanez.cl\/web\/wp-json\/wp\/v2\/posts\/39388","targetHints":{"allow":["GET"]}}],"collection":[{"href":"https:\/\/www.radiopresidenteibanez.cl\/web\/wp-json\/wp\/v2\/posts"}],"about":[{"href":"https:\/\/www.radiopresidenteibanez.cl\/web\/wp-json\/wp\/v2\/types\/post"}],"author":[{"embeddable":true,"href":"https:\/\/www.radiopresidenteibanez.cl\/web\/wp-json\/wp\/v2\/users\/2"}],"replies":[{"embeddable":true,"href":"https:\/\/www.radiopresidenteibanez.cl\/web\/wp-json\/wp\/v2\/comments?post=39388"}],"version-history":[{"count":0,"href":"https:\/\/www.radiopresidenteibanez.cl\/web\/wp-json\/wp\/v2\/posts\/39388\/revisions"}],"wp:featuredmedia":[{"embeddable":true,"href":"https:\/\/www.radiopresidenteibanez.cl\/web\/wp-json\/wp\/v2\/media\/39389"}],"wp:attachment":[{"href":"https:\/\/www.radiopresidenteibanez.cl\/web\/wp-json\/wp\/v2\/media?parent=39388"}],"wp:term":[{"taxonomy":"category","embeddable":true,"href":"https:\/\/www.radiopresidenteibanez.cl\/web\/wp-json\/wp\/v2\/categories?post=39388"},{"taxonomy":"post_tag","embeddable":true,"href":"https:\/\/www.radiopresidenteibanez.cl\/web\/wp-json\/wp\/v2\/tags?post=39388"}],"curies":[{"name":"wp","href":"https:\/\/api.w.org\/{rel}","templated":true}]}}