{"id":39376,"date":"2023-05-03T18:47:00","date_gmt":"2023-05-03T21:47:00","guid":{"rendered":"https:\/\/www.radiopresidenteibanez.cl\/web\/?p=39376"},"modified":"2023-05-03T16:04:53","modified_gmt":"2023-05-03T19:04:53","slug":"feria-antartica-escolar-2023-ya-esta-abierta-la-plataforma-para-que-estudiantes-de-todo-chile-puedan-postular","status":"publish","type":"post","link":"https:\/\/www.radiopresidenteibanez.cl\/web\/feria-antartica-escolar-2023-ya-esta-abierta-la-plataforma-para-que-estudiantes-de-todo-chile-puedan-postular\/","title":{"rendered":"FERIA ANTARTICA ESCOLAR 2023: YA ESTA ABIERTA LA PLATAFORMA PARA QUE ESTUDIANTES DE TODO CHILE PUEDAN POSTULAR"},"content":{"rendered":"\n<p>Desde este martes, los y las estudiantes de Chile pueden enviar sus postulaciones para participar de la XX Feria Ant\u00e1rtica Escolar (FAE 2023) pues ya se encuentra abierta la plataforma para postular.<\/p>\n\n\n\n<p>La FAE es una instancia cient\u00edfica-escolar, organizada por el Instituto Ant\u00e1rtico Chileno (INACH), que lleva a los equipos ganadores a una expedici\u00f3n cient\u00edfica en la Ant\u00e1rtica para conocer y compartir con investigadoras e investigadores de la Base Cient\u00edfica de INACH \u201cProfesor Julio Escudero\u201d en isla Rey Jorge.<\/p>\n\n\n\n<p>Ya son veinte a\u00f1os desde que se realiza esta actividad, donde estudiantes de todo el pa\u00eds tienen la posibilidad de visitar el continente blanco y compartir con los investigadores que se encuentran trabajando y realizando estudios en este lugar.&nbsp;<\/p>\n\n\n\n<p>Respecto a la plataforma de postulaci\u00f3n, Jessica Paredes, encargada de educaci\u00f3n del INACH, se\u00f1ala que \u201cla plataforma que se implement\u00f3 en el sitio web de la Feria Ant\u00e1rtica Escolar es la v\u00eda oficial que tienen los y las estudiantes y docentes de ense\u00f1anza media para participar de este concurso. Es la \u00fanica v\u00eda donde se pueden admitir propuestas de investigaci\u00f3n\u201d.<\/p>\n\n\n\n<p>Respecto al concurso, Paredes agrega que \u201cDesde INACH estamos buscando que j\u00f3venes de ense\u00f1anza media de todo el pa\u00eds puedan conocer sobre ciencia ant\u00e1rtica y nos ayuden a ir \u201cantartizando\u201d&nbsp; las comunidades donde ellos viven, que en cierta forma se conviertan en embajadores de las ciencias ant\u00e1rticas en sus localidades y, por qu\u00e9 no, buscar y encontrar tambi\u00e9n la pr\u00f3xima generaci\u00f3n de investigadores polares\u201d.<\/p>\n\n\n\n<p>Quienes pueden postular a esta iniciativa son estudiantes de primero a tercero medio, de establecimientos de todo el pa\u00eds y todo tipo de dependencia (cient\u00edfico-humanistas, t\u00e9cnico-profesionales, art\u00edsticos, etc). Cada uno de los proyectos ser\u00e1 evaluado, y los quince mejores se trasladar\u00e1n a Punta Arenas para defenderlos, de entre ellos ser\u00e1n tres los seleccionados para ir a la expedici\u00f3n.<\/p>\n","protected":false},"excerpt":{"rendered":"<p>Desde este martes, los y las estudiantes de Chile pueden enviar sus postulaciones para participar de la XX Feria Ant\u00e1rtica Escolar (FAE 2023) pues ya se encuentra abierta la plataforma&#8230; <a class=\"read-more\" href=\"https:\/\/www.radiopresidenteibanez.cl\/web\/feria-antartica-escolar-2023-ya-esta-abierta-la-plataforma-para-que-estudiantes-de-todo-chile-puedan-postular\/\">Leer m\u00e1s<\/a><\/p>\n","protected":false},"author":2,"featured_media":39377,"comment_status":"closed","ping_status":"closed","sticky":false,"template":"","format":"standard","meta":{"footnotes":""},"categories":[1],"tags":[],"class_list":["post-39376","post","type-post","status-publish","format-standard","has-post-thumbnail","hentry","category-cronica"],"_links":{"self":[{"href":"https:\/\/www.radiopresidenteibanez.cl\/web\/wp-json\/wp\/v2\/posts\/39376","targetHints":{"allow":["GET"]}}],"collection":[{"href":"https:\/\/www.radiopresidenteibanez.cl\/web\/wp-json\/wp\/v2\/posts"}],"about":[{"href":"https:\/\/www.radiopresidenteibanez.cl\/web\/wp-json\/wp\/v2\/types\/post"}],"author":[{"embeddable":true,"href":"https:\/\/www.radiopresidenteibanez.cl\/web\/wp-json\/wp\/v2\/users\/2"}],"replies":[{"embeddable":true,"href":"https:\/\/www.radiopresidenteibanez.cl\/web\/wp-json\/wp\/v2\/comments?post=39376"}],"version-history":[{"count":0,"href":"https:\/\/www.radiopresidenteibanez.cl\/web\/wp-json\/wp\/v2\/posts\/39376\/revisions"}],"wp:featuredmedia":[{"embeddable":true,"href":"https:\/\/www.radiopresidenteibanez.cl\/web\/wp-json\/wp\/v2\/media\/39377"}],"wp:attachment":[{"href":"https:\/\/www.radiopresidenteibanez.cl\/web\/wp-json\/wp\/v2\/media?parent=39376"}],"wp:term":[{"taxonomy":"category","embeddable":true,"href":"https:\/\/www.radiopresidenteibanez.cl\/web\/wp-json\/wp\/v2\/categories?post=39376"},{"taxonomy":"post_tag","embeddable":true,"href":"https:\/\/www.radiopresidenteibanez.cl\/web\/wp-json\/wp\/v2\/tags?post=39376"}],"curies":[{"name":"wp","href":"https:\/\/api.w.org\/{rel}","templated":true}]}}