{"id":3937,"date":"2019-05-06T16:40:42","date_gmt":"2019-05-06T16:40:42","guid":{"rendered":"http:\/\/www.radiopresidenteibanez.cl\/web\/?p=3937"},"modified":"2019-05-06T16:41:08","modified_gmt":"2019-05-06T16:41:08","slug":"subsecretario-de-energia-reitero-que-no-habra-alza-del-precio-del-gas-y-que-implementacion-de-medidores-inteligentes-sera-voluntaria","status":"publish","type":"post","link":"https:\/\/www.radiopresidenteibanez.cl\/web\/subsecretario-de-energia-reitero-que-no-habra-alza-del-precio-del-gas-y-que-implementacion-de-medidores-inteligentes-sera-voluntaria\/","title":{"rendered":"SUBSECRETARIO DE ENERG\u00cdA REITER\u00d3 QUE NO HABR\u00c1 ALZA DEL PRECIO DEL GAS Y QUE IMPLEMENTACI\u00d3N DE MEDIDORES INTELIGENTES SER\u00c1 VOLUNTARIA"},"content":{"rendered":"\n<p>Luego de un oficio enviado por el Alcalde Claudio Radonich al Ministerio de Energ\u00eda, en el cual planteaba su preocupaci\u00f3n frente a la implementaci\u00f3n del nuevo sistema tarifario del Gas Natural para la regi\u00f3n de Magallanes y Ant\u00e1rtica Chilena, las autoridades de dicha cartera respondieron y aclararon que no habr\u00e1 alza en el precio del vital elemento para nuestra zona.<\/p>\n\n\n\n<p>Es as\u00ed que desde el Ministerio, y luego de una reuni\u00f3n desarrollada en la ciudad de Santiago entre el subsecretario de Energ\u00eda Ricardo Irarr\u00e1zabal y el alcalde de Punta Arenas, Claudio Radonich, dicho documento fue contestado de manera formal, estableciendo claramente que \u201ces preciso recalcar que la tarifa a p\u00fablico del servicio de gas de red no sufrir\u00e1 alzas, tal como lo ha comprometido S.E. el Presidente de la Rep\u00fablica\u201d.<\/p>\n\n\n\n<p>En ese sentido, el alcalde Radonich valor\u00f3 la noticia, y explic\u00f3 que \u201caunque el proceso de tarificaci\u00f3n est\u00e1 en pleno desarrollo, reconocemos la voluntad y decisi\u00f3n del Gobierno frente a un tema tan sensible como este\u201d.<\/p>\n\n\n\n<p>Radonich agreg\u00f3 que \u201chace algunos meses atr\u00e1s, el Subsecretario lleg\u00f3 a Punta Arenas para aclarar que no habr\u00e1 aumento del precio del gas para los vecinos de nuestra Regi\u00f3n, por tanto, estaremos atentos a lo que se manifest\u00f3 por parte del Gobierno, y quedamos tranquilos respecto a que los precios se van a mantener\u201d.<\/p>\n\n\n\n<p><strong>MEDIDORES INTELIGENTES<\/strong><\/p>\n\n\n\n<p>La puesta en marcha de los denominados Medidores Inteligentes han ocasionado una seria de cuestionamientos por parte de la ciudadan\u00eda, raz\u00f3n por la cual el alcalde Claudio Radonich present\u00f3 hace un tiempo, un requerimiento que cuestiona la Legalidad de la implementaci\u00f3n de dichos artefactos.<\/p>\n\n\n\n<figure class=\"wp-block-image\"><img loading=\"lazy\" decoding=\"async\" width=\"900\" height=\"600\" src=\"https:\/\/www.radiopresidenteibanez.cl\/web\/wp-content\/uploads\/2019\/05\/Subse-Energ\u00eda2.jpg\" alt=\"\" class=\"wp-image-3938\" srcset=\"https:\/\/www.radiopresidenteibanez.cl\/web\/wp-content\/uploads\/2019\/05\/Subse-Energ\u00eda2.jpg 900w, https:\/\/www.radiopresidenteibanez.cl\/web\/wp-content\/uploads\/2019\/05\/Subse-Energ\u00eda2-300x200.jpg 300w, https:\/\/www.radiopresidenteibanez.cl\/web\/wp-content\/uploads\/2019\/05\/Subse-Energ\u00eda2-768x512.jpg 768w\" sizes=\"auto, (max-width: 900px) 100vw, 900px\" \/><\/figure>\n\n\n\n<p>Es por eso que luego del encuentro sostenido con el Subsecretario de Energ\u00eda Ricardo Irarr\u00e1zabal, el alcalde manifest\u00f3 haber quedado m\u00e1s tranquilo, \u201cya que la autoridad ministerial indic\u00f3 de manera clara, que esta medida qued\u00f3 sin efecto y no habr\u00eda cambios de medidores, salvo que las familias y due\u00f1os as\u00ed lo quieran. De igual forma, explic\u00f3 que si hubiera existido un cobro, este se repondr\u00eda a la cuenta de los clientes afectados suspendiendo tales cobros\u201d.<\/p>\n\n\n\n<p>\u201cAgradezco al Gobierno por dar una soluci\u00f3n concreta y tambi\u00e9n a los dirigentes de la uni\u00f3n comunal Punta Arenas por manifestar p\u00fablicamente su descontento frente a lo ocurrido\u201d, agreg\u00f3 Radonich.<\/p>\n\n\n\n<p>Finalmente, la autoridad comunal apunt\u00f3 sus cr\u00edticas a los parlamentarios del periodo anterior y a la calidad de la legislaci\u00f3n, puesto que seg\u00fan sus palabras \u201cse gener\u00f3 una muy mala ley, sin pensar o analizar de buena manera el impacto que podr\u00eda ocasionar\u201d.<br><\/p>\n","protected":false},"excerpt":{"rendered":"<p>Luego de un oficio enviado por el Alcalde Claudio Radonich al Ministerio de Energ\u00eda, en el cual planteaba su preocupaci\u00f3n frente a la implementaci\u00f3n del nuevo sistema tarifario del Gas&#8230; <a class=\"read-more\" href=\"https:\/\/www.radiopresidenteibanez.cl\/web\/subsecretario-de-energia-reitero-que-no-habra-alza-del-precio-del-gas-y-que-implementacion-de-medidores-inteligentes-sera-voluntaria\/\">Leer m\u00e1s<\/a><\/p>\n","protected":false},"author":2,"featured_media":3938,"comment_status":"closed","ping_status":"closed","sticky":false,"template":"","format":"standard","meta":{"footnotes":""},"categories":[1],"tags":[],"class_list":["post-3937","post","type-post","status-publish","format-standard","has-post-thumbnail","hentry","category-cronica"],"_links":{"self":[{"href":"https:\/\/www.radiopresidenteibanez.cl\/web\/wp-json\/wp\/v2\/posts\/3937","targetHints":{"allow":["GET"]}}],"collection":[{"href":"https:\/\/www.radiopresidenteibanez.cl\/web\/wp-json\/wp\/v2\/posts"}],"about":[{"href":"https:\/\/www.radiopresidenteibanez.cl\/web\/wp-json\/wp\/v2\/types\/post"}],"author":[{"embeddable":true,"href":"https:\/\/www.radiopresidenteibanez.cl\/web\/wp-json\/wp\/v2\/users\/2"}],"replies":[{"embeddable":true,"href":"https:\/\/www.radiopresidenteibanez.cl\/web\/wp-json\/wp\/v2\/comments?post=3937"}],"version-history":[{"count":0,"href":"https:\/\/www.radiopresidenteibanez.cl\/web\/wp-json\/wp\/v2\/posts\/3937\/revisions"}],"wp:featuredmedia":[{"embeddable":true,"href":"https:\/\/www.radiopresidenteibanez.cl\/web\/wp-json\/wp\/v2\/media\/3938"}],"wp:attachment":[{"href":"https:\/\/www.radiopresidenteibanez.cl\/web\/wp-json\/wp\/v2\/media?parent=3937"}],"wp:term":[{"taxonomy":"category","embeddable":true,"href":"https:\/\/www.radiopresidenteibanez.cl\/web\/wp-json\/wp\/v2\/categories?post=3937"},{"taxonomy":"post_tag","embeddable":true,"href":"https:\/\/www.radiopresidenteibanez.cl\/web\/wp-json\/wp\/v2\/tags?post=3937"}],"curies":[{"name":"wp","href":"https:\/\/api.w.org\/{rel}","templated":true}]}}