{"id":39362,"date":"2023-05-03T11:56:43","date_gmt":"2023-05-03T14:56:43","guid":{"rendered":"https:\/\/www.radiopresidenteibanez.cl\/web\/?p=39362"},"modified":"2023-05-03T11:56:50","modified_gmt":"2023-05-03T14:56:50","slug":"edelmag-3","status":"publish","type":"post","link":"https:\/\/www.radiopresidenteibanez.cl\/web\/edelmag-3\/","title":{"rendered":"EDELMAG"},"content":{"rendered":"\n<p>En relaci\u00f3n con la interrupci\u00f3n de suministro el\u00e9ctrico ocurrida durante esta ma\u00f1ana en<br>Punta Arenas, EDELMAG informa lo siguiente:<\/p>\n\n\n\n<p>\uf0b7 A las 8:49 horas esta ma\u00f1ana se activaron las protecciones del sistema el\u00e9ctrico,<br>provocando la interrupci\u00f3n del suministro a 44.685 clientes ubicados en distintos<br>sectores de la ciudad aproximadamente desde la Universidad de Magallanes hacia<br>el sur.<br>\uf0b7 Los sistemas autom\u00e1ticos de control focalizaron la emergencia en la l\u00ednea de<br>transmisi\u00f3n de 66 kV, que transporta la energ\u00eda desde la Central Tres Puentes<br>ubicada en el Barrio Industrial hasta la ciudad.<br>\uf0b7 Por lo anterior, las brigadas iniciaron la revisi\u00f3n de la l\u00ednea de transmisi\u00f3n,<br>detectando en R\u00f3mulo Correa con Pje. Colombo en el Barrio Prat, la presencia de<br>un globo met\u00e1lico que provoc\u00f3 el cortocircuito. De esta manera, junto con iniciar<br>las tareas para retirar este elemento, se inici\u00f3 la reposici\u00f3n paulatina del servicio el<br>que fue normalizado en su totalidad a las 10:23 horas.<br>\uf0b7 \u201cEsta interrupci\u00f3n de suministro el\u00e9ctrico fue ocasionada por un cortocircuito de<br>gran magnitud producto globo met\u00e1lico enredado en la l\u00ednea de transmisi\u00f3n,<br>evento que mantuvo por casi 1 hora y media a parte importante de la cuidad sin<br>energ\u00eda el\u00e9ctrica. Por ello, hacemos un llamado a la comunidad para que tanto las<br>personas y las industrias dispongan de manera adecuada de aquellos residuos<br>que, producto del viento pueden volar e impactar nuestras redes de distribuci\u00f3n<br>el\u00e9ctrica\u201d, se\u00f1al\u00f3 Juan Carlos W\u00farth, Gerente T\u00e9cnico de EDELMAG.<br>\uf0b7 Los elementos que impactan en las redes, ya sean pl\u00e1sticos o met\u00e1licos sumado a<br>condiciones clim\u00e1ticas adversas provocan este tipo de emergencias, que generan<br>una serie de trastornos para la comunidad.<\/p>\n","protected":false},"excerpt":{"rendered":"<p>En relaci\u00f3n con la interrupci\u00f3n de suministro el\u00e9ctrico ocurrida durante esta ma\u00f1ana enPunta Arenas, EDELMAG informa lo siguiente: \uf0b7 A las 8:49 horas esta ma\u00f1ana se activaron las protecciones del&#8230; <a class=\"read-more\" href=\"https:\/\/www.radiopresidenteibanez.cl\/web\/edelmag-3\/\">Leer m\u00e1s<\/a><\/p>\n","protected":false},"author":2,"featured_media":39363,"comment_status":"closed","ping_status":"closed","sticky":false,"template":"","format":"standard","meta":{"footnotes":""},"categories":[1],"tags":[],"class_list":["post-39362","post","type-post","status-publish","format-standard","has-post-thumbnail","hentry","category-cronica"],"_links":{"self":[{"href":"https:\/\/www.radiopresidenteibanez.cl\/web\/wp-json\/wp\/v2\/posts\/39362","targetHints":{"allow":["GET"]}}],"collection":[{"href":"https:\/\/www.radiopresidenteibanez.cl\/web\/wp-json\/wp\/v2\/posts"}],"about":[{"href":"https:\/\/www.radiopresidenteibanez.cl\/web\/wp-json\/wp\/v2\/types\/post"}],"author":[{"embeddable":true,"href":"https:\/\/www.radiopresidenteibanez.cl\/web\/wp-json\/wp\/v2\/users\/2"}],"replies":[{"embeddable":true,"href":"https:\/\/www.radiopresidenteibanez.cl\/web\/wp-json\/wp\/v2\/comments?post=39362"}],"version-history":[{"count":0,"href":"https:\/\/www.radiopresidenteibanez.cl\/web\/wp-json\/wp\/v2\/posts\/39362\/revisions"}],"wp:featuredmedia":[{"embeddable":true,"href":"https:\/\/www.radiopresidenteibanez.cl\/web\/wp-json\/wp\/v2\/media\/39363"}],"wp:attachment":[{"href":"https:\/\/www.radiopresidenteibanez.cl\/web\/wp-json\/wp\/v2\/media?parent=39362"}],"wp:term":[{"taxonomy":"category","embeddable":true,"href":"https:\/\/www.radiopresidenteibanez.cl\/web\/wp-json\/wp\/v2\/categories?post=39362"},{"taxonomy":"post_tag","embeddable":true,"href":"https:\/\/www.radiopresidenteibanez.cl\/web\/wp-json\/wp\/v2\/tags?post=39362"}],"curies":[{"name":"wp","href":"https:\/\/api.w.org\/{rel}","templated":true}]}}