{"id":3934,"date":"2019-05-06T13:56:04","date_gmt":"2019-05-06T13:56:04","guid":{"rendered":"http:\/\/www.radiopresidenteibanez.cl\/web\/?p=3934"},"modified":"2019-05-06T13:56:19","modified_gmt":"2019-05-06T13:56:19","slug":"chile-en-el-mundo-por-ernesto-sepulveda","status":"publish","type":"post","link":"https:\/\/www.radiopresidenteibanez.cl\/web\/chile-en-el-mundo-por-ernesto-sepulveda\/","title":{"rendered":"CHILE EN EL MUNDO, POR ERNESTO SEPULVEDA"},"content":{"rendered":"\n<p>Amigos y amigas, la semana que nos dej\u00f3, vino llena de importantes noticias del exterior. Una nueva esperanza surge en Espa\u00f1a con el rotundo triunfo del l\u00edder del PSOE, Pedro S\u00e1nchez. Un pol\u00edtico que desafi\u00f3 al establishment, recorriendo en una a\u00f1os la base militante. As\u00ed recuper\u00f3 la conducci\u00f3n del partido, de la que hab\u00eda sido privado por acuerdos cupulares. En las elecciones generales del pasado domingo 28 de abril, su estrategia fue clara, salir a enfrentar a la derecha, para detener el avance de la ultra. En Espa\u00f1a la derecha tiene tres partidos de importancia, el Partido Popular, que ya fue gobierno con Pedro Aznar y Mariano Rajoy. Un sector mas moderado llamado \u201cCiudadanos\u201d, y uno mas extremo llamado \u201cVox\u201d.<\/p>\n\n\n\n<p>Pese a las dificultades que tendr\u00e1 S\u00e1nchez para formar gobierno, debido a que el PSOE no obtuvo la mayor\u00eda absoluta del parlamento, todo indica que tanto \u201cPodemos\u201d, partido variopinto similar al Frente Amplio, como los representantes de las regiones aut\u00f3nomas, podr\u00edan permitirle conseguir su objetivo.<\/p>\n\n\n\n<p>El caso espa\u00f1ol es mirado con inter\u00e9s por la izquierda, ya que implica un giro en la pol\u00edtica europea, y una esperanza para los partidos socialistas de Am\u00e9rica. De hecho el presidente del PS de Chile, acompa\u00f1\u00f3 a sus hom\u00f3logos el d\u00eda de la elecci\u00f3n, para observar el proceso. Cuanto de eso puede replicarse en Chile o en cualquier otra parte, depender\u00e1 del camino que recorran nuestros l\u00edderes en el territorio. Porque b\u00e1sicamente, es la \u00fanica lecci\u00f3n que podr\u00edan aprender del caso espa\u00f1ol. Ponerse a tono con las necesidades concretas del hombre de a pie. En Chile, ya sabemos cuales son esas, Trabajo digno, salud como derecho social y pensiones administradas por un sistema de seguridad social p\u00fablico, lo que se traduce en no m\u00e1s AFP, y la creaci\u00f3n de un&nbsp;&nbsp;sistema de seguro colectivo de salud, con un plan garantizado universal.<\/p>\n\n\n\n<p>El periplo del presidente Pi\u00f1era, por Asia, dej\u00f3 m\u00e1s de agr\u00e1s que de dulce. Nadie entendi\u00f3 la inclusi\u00f3n de sus hijos Sebasti\u00e1n y Crist\u00f3bal, como integrantes acreditados de la comitiva, junto a conspicuos empresarios, y pol\u00edticos invitados. Las explicaciones fueron mas confusas y ocasionaron mas ruido a\u00fan. La primera \u201cqueremos estar con nuestra familia\u201d, no muy entendible debido a que ambos hijos tienen m\u00e1s de 30 a\u00f1os. Un entusiasta diputado de la UDI, lleg\u00f3 a asimilar el caso, al de la primera ministra de Nueva Zelanda que ha llevado al trabajo,&nbsp;&nbsp;a su beb\u00e9, al que amamanta. Sin comentarios.<\/p>\n\n\n\n<p>Otra explicaci\u00f3n que se dio era que ellos, eran empresarios del rubro tecnol\u00f3gico, debido a que hab\u00edan formado una empresa en esa \u00e1rea. Esto fue peor, la empresa hab\u00eda sido constituida hace menos de un mes, aparentemente cuando ya estaba elaborada la agenda presidencial, que inclu\u00eda reuniones con las mayores empresas chinas del campo tecnol\u00f3gico. Por qu\u00e9 estos j\u00f3venes ten\u00edan la oportunidad de reunirse con tan destacadas personalidades, cuando ni siquiera al ministro de Ciencia y Tecnolog\u00eda se incluy\u00f3 en el viaje. Del mundo del emprendimiento, se alzaron voces de reconocidos empresarios, que labraron con esfuerzo sus compa\u00f1\u00edas, y que ni en sue\u00f1os se han imaginado un viaje en la comitiva presidencial.<\/p>\n\n\n\n<p>Para colmo de males, desde Estados Unidos luna empresa l\u00edder en rob\u00f3tica, anunci\u00f3 demanda a los hijos presidenciales, debido a que la empresa inscrita por estos, practicamente lleva el mismo nombre de la connotada empresa norteamericana.<\/p>\n\n\n\n<p>Durante su visita a China, el presidente dio luces de una nueva doctrina en materia de relaciones internacionales. Consultado acerca de la situaci\u00f3n de los Derechos Humanos, la libertad, la democracia, se\u00f1al\u00f3 \u201cCada pueblo decide soberanamente su forma de gobierno\u201d.<\/p>\n\n\n\n<p>Sin embargo, de regreso en Chile, y para contrarrestar el saldo negativo de su viaje a Asia, despleg\u00f3 nuevamente sus acciones en contra del r\u00e9gimen de Nicol\u00e1s Maduro en Venezuela. No se ha explicado hasta ahora, como es que debemos considerar que el pueblo chino es soberano para darse su propio gobierno. Y en Venezuela aplicamos otro criterio.<\/p>\n\n\n\n<p>Tambi\u00e9n surgi\u00f3 la noticia de que la casa de veraneo que el presidente tiene en Caburga, no ha pagado contribuciones hace 30 a\u00f1os. Antes de entrar en explicaciones el c\u00edrculo del mandatario, inform\u00f3 que pagar\u00eda a fines de este mes.<\/p>\n\n\n\n<p>El tema de Venezuela es un tema recurrente en la agenda del presidente. Lamentablemente el&nbsp;exceso de entusiasmo y de protagonismo, le han jugado en contra. Primero en su aventura en C\u00facuta, donde se supon\u00eda que practicamente ser\u00edan recibidos como salvadores, y por el contrario, se vieron inmersos en una refriega confusa y violenta, que dej\u00f3 la jornada con saldo negativo.<\/p>\n\n\n\n<p>El \u00faltimo episodio, se produjo cuando el presidente de la c\u00e1mara de diputados, Juan Guaid\u00f3, liber\u00f3 de su arresto domiciliario a Leopoldo L\u00f3pez, un l\u00edder opositor que cumpl\u00eda condena en su casa. Ambos l\u00edderes opositores se dirigieron a los cuarteles militares con la esperanza de que las tropas abandonaran al r\u00e9gimen.&nbsp;<\/p>\n\n\n\n<p>No s\u00f3lo no ocurri\u00f3, sino que el paso en falso, del que se culpan rec\u00edprocamente la oposici\u00f3n venezolana y el departamento de estado norteamericano, aparentemente fortaleci\u00f3 la posici\u00f3n de Maduro. L\u00f3pez se refugi\u00f3 ese mismo d\u00eda, primero en la embajada de Chile, y luego por razones desconocidas, \u00e9l y su esposa, se trasladaron a la e,baja de Espa\u00f1a.<\/p>\n\n\n\n<p>Maduro, en tanto,&nbsp;&nbsp;se mostr\u00f3 en distintos regimientos rodeado de miles de soldados, que le declaraban su lealtad entre c\u00e1nticos.<\/p>\n\n\n\n<p>Los d\u00edas posteriores, al frustrado golpe militar, Guaid\u00f3 y L\u00f3pez (este \u00faltimo desde su refugio en la embajada espa\u00f1ola), han llamado a la poblaci\u00f3n a resistir, y a acudir a los cuarteles a pedir la intervenci\u00f3n militar. Estos llamados no han surtido efecto, y la poblaci\u00f3n presumiblemente, contraria a un enfrentamiento armado, no ha concurrido a los cuarteles, salvo grupos muy reducidos de activistas.<\/p>\n\n\n\n<p>Tanto Juan Guaid\u00f3 como el departamento de estado norteamericano, han insistido en que la opci\u00f3n de una intervenci\u00f3n militar de Estados Unidos, sigue estando vigente. Para dejarlo mas claro aun, Juan Guaid\u00f3 se\u00f1al\u00f3 que es el parlamento de cual es representante, quien debe autorizar el ingreso de tropas extranjeras al pa\u00eds.<\/p>\n\n\n\n<p>Se dar\u00eda entonces el sinsentido, de que un sector pol\u00edtico que ha sido incapaz de aunar a las fuerzas opositoras, para obtener una transici\u00f3n pac\u00edfica, apele a la fuerza armada extranjera para que lo instale en el poder.<\/p>\n\n\n\n<p>El conocido periodista y conductor de noticias Daniel Matamala, estuvo recientemente reporteando en Venezuela. Impacta la realidad social y econ\u00f3mica que all\u00e1 se vive. Nadie puede quedar inmune a esta realidad chocante. Matamala hace una analog\u00eda con la transici\u00f3n chilena, concluyendo que en Chile, la pudimos hacer&nbsp;&nbsp;gracias a los generales que se opusieron al autogolpe, la noche del 5 de octubre de 1988. Quiere decir, que los militares son el basti\u00f3n que sostiene a Maduro.<\/p>\n\n\n\n<p>Creo que Matamala es mezquino con el caso de Chile. Ac\u00e1 hubo un pueblo organizado, al fragor de muchos a\u00f1os de peque\u00f1os combates, que en el momento decisivo actu\u00f3 unido para derrotar al dictador. No me gusta la pol\u00edtica ficci\u00f3n, pero siguiendo el ejercicio que hace Matamala, si esa noche los mentados generales, hubiesen apoyado el autogolpe del dictador, Chile hubiese iniciado un espiral creciente de movilizaci\u00f3n, y muy presumiblemente hubi\u00e9semos pasado a enfrentamientos armados directos. Gracias a Dios eso no sucedi\u00f3.<\/p>\n\n\n\n<p>En el r\u00e9gimen chavista, del cual no soy partidario ni defensor,&nbsp;&nbsp;la posici\u00f3n&nbsp;&nbsp;ha podido incluso acudir a los cuarteles, llamando directamente al alzamiento militar. Eso en la dictadura chilena, era imposible. Nuestros h\u00e9roes y m\u00e1rtires as\u00ed lo prueban.<\/p>\n\n\n\n<p>Las analog\u00edas de realidades muy diversas, hacen cometer estos errores, o desprop\u00f3sitos,&nbsp;&nbsp;Maduro no es Allende, ni tampoco Pinochet. El pueblo venezolano debe resolver sus problemas pol\u00edticos, a trav\u00e9s de medios leg\u00edtimos dentro de sistema democr\u00e1tico. Por medios pac\u00edficos. Esa es la forma de legitimarse, de aunar voluntades. En Chile a la primera oportunidad que tuvimos para votar, derrotamos al dictador y a su s\u00e9quito de pol\u00edticos de derecha. En Venezuela, deben prepararse para hacer eso mismo. Si las elecciones fueran el domingo quien ganar\u00eda?<\/p>\n\n\n\n<p>Falta racionalidad pol\u00edtica, no es con cuartelazos que se resuelven los problemas pol\u00edticos, por mucho entusiasmo que tenga el T\u00edo Sam, por instalar en Venezuela un gobierno af\u00edn.<\/p>\n\n\n\n<p>Tengo varios amigos y amigas que migraron de Venezuela, y tienen una esperanza enorme en estos l\u00edderes, que han mostrado una conducci\u00f3n err\u00e1tica. Deseo fervientemente que encuentren un liderazgo realista y prudente, capaz de concitar el apoyo popular, y capaz de trazar un itinerario de transici\u00f3n cre\u00edble.<\/p>\n\n\n\n<p>Como se puede apreciar , la situaci\u00f3n de la hermana rep\u00fablica de Venezuela es muy compleja, y requiere prudencia y mesura, en sus l\u00edderes. Con mayor raz\u00f3n, se requiere mesura, prudencia y racionalidad en la conducci\u00f3n de la pol\u00edtica exterior de nuestro pa\u00eds. Chile no puede asumir un protagonismo, que no se condice con su rol&nbsp;&nbsp;hist\u00f3rico, y mucho menos, con la tradici\u00f3n de nuestras relaciones internacionales. No estamos en Chile ni para organizar golpes de estado ni para patrocinar dictaduras.<\/p>\n\n\n\n<p>El presidente es heredero de una tradici\u00f3n instalada el a\u00f1o 1990, de seriedad y sobriedad en la conducci\u00f3n de las relaciones internacionales.<\/p>\n\n\n\n<p>El presidente Pi\u00f1era aun esta a tiempo de rectificar, Chile debe ser garante de paz y de democracia. Debe instalarse en un rol de mediador, no de activista en uno u otro sentido.<\/p>\n\n\n\n<p>Es lo que los chilenos esperan, y es lo que nuestros hermanos de Venezuela necesitan.<\/p>\n\n\n\n<figure class=\"wp-block-image\"><img loading=\"lazy\" decoding=\"async\" width=\"1024\" height=\"768\" src=\"http:\/\/www.radiopresidenteibanez.cl\/web\/wp-content\/uploads\/2019\/03\/IMG-20190310-WA0014-1024x768.jpg\" alt=\"\" class=\"wp-image-2310\" srcset=\"https:\/\/www.radiopresidenteibanez.cl\/web\/wp-content\/uploads\/2019\/03\/IMG-20190310-WA0014.jpg 1024w, https:\/\/www.radiopresidenteibanez.cl\/web\/wp-content\/uploads\/2019\/03\/IMG-20190310-WA0014-300x225.jpg 300w, https:\/\/www.radiopresidenteibanez.cl\/web\/wp-content\/uploads\/2019\/03\/IMG-20190310-WA0014-768x576.jpg 768w\" sizes=\"auto, (max-width: 1024px) 100vw, 1024px\" \/><\/figure>\n","protected":false},"excerpt":{"rendered":"<p>Amigos y amigas, la semana que nos dej\u00f3, vino llena de importantes noticias del exterior. Una nueva esperanza surge en Espa\u00f1a con el rotundo triunfo del l\u00edder del PSOE, Pedro&#8230; <a class=\"read-more\" href=\"https:\/\/www.radiopresidenteibanez.cl\/web\/chile-en-el-mundo-por-ernesto-sepulveda\/\">Leer m\u00e1s<\/a><\/p>\n","protected":false},"author":2,"featured_media":2310,"comment_status":"closed","ping_status":"closed","sticky":false,"template":"","format":"standard","meta":{"footnotes":""},"categories":[5],"tags":[],"class_list":["post-3934","post","type-post","status-publish","format-standard","has-post-thumbnail","hentry","category-politica"],"_links":{"self":[{"href":"https:\/\/www.radiopresidenteibanez.cl\/web\/wp-json\/wp\/v2\/posts\/3934","targetHints":{"allow":["GET"]}}],"collection":[{"href":"https:\/\/www.radiopresidenteibanez.cl\/web\/wp-json\/wp\/v2\/posts"}],"about":[{"href":"https:\/\/www.radiopresidenteibanez.cl\/web\/wp-json\/wp\/v2\/types\/post"}],"author":[{"embeddable":true,"href":"https:\/\/www.radiopresidenteibanez.cl\/web\/wp-json\/wp\/v2\/users\/2"}],"replies":[{"embeddable":true,"href":"https:\/\/www.radiopresidenteibanez.cl\/web\/wp-json\/wp\/v2\/comments?post=3934"}],"version-history":[{"count":0,"href":"https:\/\/www.radiopresidenteibanez.cl\/web\/wp-json\/wp\/v2\/posts\/3934\/revisions"}],"wp:featuredmedia":[{"embeddable":true,"href":"https:\/\/www.radiopresidenteibanez.cl\/web\/wp-json\/wp\/v2\/media\/2310"}],"wp:attachment":[{"href":"https:\/\/www.radiopresidenteibanez.cl\/web\/wp-json\/wp\/v2\/media?parent=3934"}],"wp:term":[{"taxonomy":"category","embeddable":true,"href":"https:\/\/www.radiopresidenteibanez.cl\/web\/wp-json\/wp\/v2\/categories?post=3934"},{"taxonomy":"post_tag","embeddable":true,"href":"https:\/\/www.radiopresidenteibanez.cl\/web\/wp-json\/wp\/v2\/tags?post=3934"}],"curies":[{"name":"wp","href":"https:\/\/api.w.org\/{rel}","templated":true}]}}