{"id":39312,"date":"2023-05-01T12:39:57","date_gmt":"2023-05-01T15:39:57","guid":{"rendered":"https:\/\/www.radiopresidenteibanez.cl\/web\/?p=39312"},"modified":"2023-05-01T12:40:04","modified_gmt":"2023-05-01T15:40:04","slug":"un-1-de-mayo-que-una-a-chile","status":"publish","type":"post","link":"https:\/\/www.radiopresidenteibanez.cl\/web\/un-1-de-mayo-que-una-a-chile\/","title":{"rendered":"UN 1\u00b0 DE MAYO QUE UNA A CHILE"},"content":{"rendered":"\n<p>En teor\u00eda este d\u00eda 1\u00b0 de mayo, debiese ser el \u00faltimo con la constituci\u00f3n del 80\u2019. Esto depender\u00e1<br>en buena medida, de los resultados de la elecci\u00f3n constituyente del pr\u00f3ximo domingo. Aunque parezca<br>incre\u00edble, considerando los r\u00edos y r\u00edos de tinta, videos de YouTube, tiktok, y lives de IG, que han pasado<br>bajo el puente, a\u00fan hoy d\u00eda existen sectores, por dejar la constituci\u00f3n como est\u00e1. El caso es que ser\u00e1 el<br>consejo constitucional, quien decidir\u00e1 el nuevo texto fundamental, de ah\u00ed la importancia de elegir<br>buenos y buenas constituyentes.<br>El ambiente social y pol\u00edtico, que precede a esta elecci\u00f3n, viene marcado por la preocupaci\u00f3n<br>p\u00fablica por la seguridad. Una seguidilla de hechos delictivos de alta connotaci\u00f3n, ha impedido situar<br>las cosas en su debida dimensi\u00f3n. Los datos de la subsecretar\u00eda de prevenci\u00f3n del delito, indican que<br>durante lo que va del 2023, ha habido una disminuci\u00f3n de delitos de mayor connotaci\u00f3n social, se ha<br>desarticulado organizaciones criminales por todo chile, se ha sacado de circulaci\u00f3n armamento e<br>incautado droga, con cifras hist\u00f3ricas. No obstante, el bombardeo medi\u00e1tico cotidiano, en matinales de<br>TV y prensa del duopolio Emol-Copesa, nos tiene a todos con la sensaci\u00f3n que nada se hace o se hace<br>muy poco.<br>En \u00e9poca de elecciones, el tema de la seguridad es recurso habitual, para que decir el uso y<br>abuso de la instituci\u00f3n de Carabineros. Pol\u00edticos del sector conservador han llegado a decir que el<br>actual gobierno, tiene abandonados a Carabineros. Afirmaciones que han sido desmentidas por el<br>propio general director, se\u00f1alando que este gobierno, le ha entregado todos los recursos que la<br>instituci\u00f3n necesita. Nuevos veh\u00edculos y equipamiento, aumento de presupuesto, y esta misma<br>semana, la modificaci\u00f3n del sistema de gratificaci\u00f3n, que va en beneficio directo del personal<br>operativo.<br>Entonces, amigos y amigas, el clima en que llegamos a la elecci\u00f3n constituyente, es para variar,<br>un clima de confrontaci\u00f3n. A ratos pareciera que algunos pol\u00edticos se comportan como barras bravas.<br>Como esos sujetos que dicen amar un club deportivo, y sin embargo, su \u00fanico inter\u00e9s es dejar la<br>grande, ojal\u00e1 hiriendo a los del otro equipo, o destruy\u00e9ndole su estadio. Esta irracionalidad, que en<br>Chile, sucede con una frecuencia inaudita, nos permite, identificar pol\u00edticos (as), que har\u00e1n y dir\u00e1n todo<br>lo que este a su alcance, para impedir los acuerdos, para impedir los avances. En nuestro pa\u00eds, estamos<br>desde los albores de la rep\u00fablica enfrent\u00e1ndonos peri\u00f3dicamente, las fuerzas del progreso y las fuerzas<br>conservadoras. Nuestra historia est\u00e1 jalonada por eventos tr\u00e1gicos de confrontaci\u00f3n, en que las<br>diferencias se las quiso resolver a sangre y fuego.<br>El coraz\u00f3n de la patria arde, por la necesidad de encontrar caminos de entendimiento, que<br>alejen el riesgo de la confrontaci\u00f3n violenta. Es en el mundo del trabajo, de donde surge la esperanza<br>de encontrar estos caminos. El acuerdo transversal que viabiliz\u00f3 la ley de 40 horas, es una muestra de<br>que es m\u00e1s f\u00e1cil construir acuerdos con los actores de la econom\u00eda real. Quienes se relacionan<br>cotidianamente en la actividad productiva, saben mejor que nadie lo que se requiere para trabajar<br>mejor. Esto a su vez, es una lecci\u00f3n para los pol\u00edticos, empantanados por a\u00f1os en discusiones a\u00f1ejas,<br>ajenas a la existencia del trabajador y trabajadora. Las 40 horas es una prueba de que se puede<\/p>\n\n\n\n<p>compatibilizar una mejor calidad de vida, con jornadas de trabajo menos extensas. Con la flexibilidad<br>que tanto la actividad productiva, como la vida familiar del trabajador y trabajadora requieren.<br>No hay que olvidar jam\u00e1s, la historia del 1\u00b0 de mayo, se inscribe en la larga lista de tragedias de<br>la lucha obrera, por mejores condiciones de trabajo. Una historia que tuvo tambi\u00e9n en Chile cap\u00edtulos<br>de hero\u00edsmo y sacrificio, en Las Salitreras, en el carb\u00f3n, en el puerto, tambi\u00e9n en la Federaci\u00f3n obrera<br>de Magallanes y en el Frigor\u00edfico Bories. Tambi\u00e9n la lucha de los que resistieron la dictadura, y los<br>h\u00e9roes y m\u00e1rtires de la recuperaci\u00f3n de la libertad. La historia de los avances en la lucha social, es<br>siempre una lecci\u00f3n de futuro. Un d\u00eda fueron las 8 horas de trabajo, 8 de descanso y 8 de recreaci\u00f3n,<br>hoy son las 40 horas de trabajo a la semana, y vendr\u00e1n otros avances, en este camino hacia el progreso<br>social y pol\u00edtico.<br>Tenemos una vez m\u00e1s una oportunidad como sociedad, que no nos acalle el griter\u00edo de las<br>barras bravas, que no prime el insulto y la injuria, por sobre el dialogo franco, la conversaci\u00f3n directa,<br>para resolver nuestros conflictos. Que nuestra disposici\u00f3n al di\u00e1logo y al entendimiento, sea nuestro<br>mejor homenaje, para los hombres y mujeres que ofrendaron sus vidas luchando por una sociedad m\u00e1s<br>justa.<br>Ernesto Sep\u00falveda Tornero<\/p>\n","protected":false},"excerpt":{"rendered":"<p>En teor\u00eda este d\u00eda 1\u00b0 de mayo, debiese ser el \u00faltimo con la constituci\u00f3n del 80\u2019. Esto depender\u00e1en buena medida, de los resultados de la elecci\u00f3n constituyente del pr\u00f3ximo domingo&#8230;. <a class=\"read-more\" href=\"https:\/\/www.radiopresidenteibanez.cl\/web\/un-1-de-mayo-que-una-a-chile\/\">Leer m\u00e1s<\/a><\/p>\n","protected":false},"author":2,"featured_media":39313,"comment_status":"closed","ping_status":"closed","sticky":false,"template":"","format":"standard","meta":{"footnotes":""},"categories":[1],"tags":[],"class_list":["post-39312","post","type-post","status-publish","format-standard","has-post-thumbnail","hentry","category-cronica"],"_links":{"self":[{"href":"https:\/\/www.radiopresidenteibanez.cl\/web\/wp-json\/wp\/v2\/posts\/39312","targetHints":{"allow":["GET"]}}],"collection":[{"href":"https:\/\/www.radiopresidenteibanez.cl\/web\/wp-json\/wp\/v2\/posts"}],"about":[{"href":"https:\/\/www.radiopresidenteibanez.cl\/web\/wp-json\/wp\/v2\/types\/post"}],"author":[{"embeddable":true,"href":"https:\/\/www.radiopresidenteibanez.cl\/web\/wp-json\/wp\/v2\/users\/2"}],"replies":[{"embeddable":true,"href":"https:\/\/www.radiopresidenteibanez.cl\/web\/wp-json\/wp\/v2\/comments?post=39312"}],"version-history":[{"count":0,"href":"https:\/\/www.radiopresidenteibanez.cl\/web\/wp-json\/wp\/v2\/posts\/39312\/revisions"}],"wp:featuredmedia":[{"embeddable":true,"href":"https:\/\/www.radiopresidenteibanez.cl\/web\/wp-json\/wp\/v2\/media\/39313"}],"wp:attachment":[{"href":"https:\/\/www.radiopresidenteibanez.cl\/web\/wp-json\/wp\/v2\/media?parent=39312"}],"wp:term":[{"taxonomy":"category","embeddable":true,"href":"https:\/\/www.radiopresidenteibanez.cl\/web\/wp-json\/wp\/v2\/categories?post=39312"},{"taxonomy":"post_tag","embeddable":true,"href":"https:\/\/www.radiopresidenteibanez.cl\/web\/wp-json\/wp\/v2\/tags?post=39312"}],"curies":[{"name":"wp","href":"https:\/\/api.w.org\/{rel}","templated":true}]}}