{"id":393,"date":"2019-01-11T23:54:34","date_gmt":"2019-01-11T23:54:34","guid":{"rendered":"http:\/\/www.radiopresidenteibanez.cl\/web\/?p=393"},"modified":"2019-01-11T23:55:02","modified_gmt":"2019-01-11T23:55:02","slug":"tv-red-retiro-35-kilometros-de-cable-en-desuso-desde-las-calles-de-punta-arenas","status":"publish","type":"post","link":"https:\/\/www.radiopresidenteibanez.cl\/web\/tv-red-retiro-35-kilometros-de-cable-en-desuso-desde-las-calles-de-punta-arenas\/","title":{"rendered":"TV RED RETIR\u00d3 35 KIL\u00d3METROS DE CABLE EN DESUSO DESDE LAS CALLES DE PUNTA ARENAS"},"content":{"rendered":"\n<p>Durante esta jornada el Alcalde Claudio Radonich recibi\u00f3 a los representantes de la empresa TV RED, quienes informaron la finalizaci\u00f3n del programa destinado a retirar los cables en desuso de su propiedad que se encontraban presentes en distintas calles de la ciudad.<\/p>\n\n\n\n<p>La autoridad comunal agradeci\u00f3 la iniciativa de la empresa e invit\u00f3 a las dem\u00e1s empresas presentes en la ciudad a replicar la idea y ser parte del mejoramiento de los entornos y espacios p\u00fablicos de Punta Arenas.<\/p>\n\n\n\n<p>\u201cHoy vemos como TV RED concret\u00f3 un proyecto ambicioso impulsado por ellos, el cual logr\u00f3 retirar 35 kil\u00f3metros de cables en desuso de la ciudad, lo cual agradezco\u201d, dijo el alcalde Claudio Radonich.<\/p>\n\n\n\n<p>\u201cEste trabajo de limpieza abarc\u00f3 la revisi\u00f3n completa de todo el casco urbano de Punta Arenas, extendi\u00e9ndose entre agosto y octubre del a\u00f1o pasado. Para lo anterior, se dispuso de una cuadrilla dedicada exclusivamente a efectuar estas labores, quienes retiraron la totalidad de los cables en desuso, junto con una cantidad importante de equipos que estaban fuera de servicio y que permanec\u00edan en la postaci\u00f3n\u201d, explic\u00f3 Fernando Vargas, Jefe de Operaciones de la entidad privada.<\/p>\n\n\n\n<p>De esta manera, TV RED da cumplimiento al&nbsp; compromiso contra\u00eddo con el municipio local, en orden a implementar una soluci\u00f3n definitiva dentro del segundo semestre del a\u00f1o que reci\u00e9n finaliz\u00f3, para eliminar aquellas l\u00edneas que se encuentran deshabilitadas, con lo que colabora a la limpieza visual y embellecimiento de la ciudad.<\/p>\n\n\n\n<p>A lo anterior, se suma la pol\u00edtica que TV RED ha implementado en sus operaciones, que considera el retiro de cables antiguos cada vez que se instale uno nuevo, lo que permite que la cifra no se incremente.<br><\/p>\n","protected":false},"excerpt":{"rendered":"<p>Durante esta jornada el Alcalde Claudio Radonich recibi\u00f3 a los representantes de la empresa TV RED, quienes informaron la finalizaci\u00f3n del programa destinado a retirar los cables en desuso de&#8230; <a class=\"read-more\" href=\"https:\/\/www.radiopresidenteibanez.cl\/web\/tv-red-retiro-35-kilometros-de-cable-en-desuso-desde-las-calles-de-punta-arenas\/\">Leer m\u00e1s<\/a><\/p>\n","protected":false},"author":2,"featured_media":394,"comment_status":"closed","ping_status":"closed","sticky":false,"template":"","format":"standard","meta":{"footnotes":""},"categories":[1],"tags":[],"class_list":["post-393","post","type-post","status-publish","format-standard","has-post-thumbnail","hentry","category-cronica"],"_links":{"self":[{"href":"https:\/\/www.radiopresidenteibanez.cl\/web\/wp-json\/wp\/v2\/posts\/393","targetHints":{"allow":["GET"]}}],"collection":[{"href":"https:\/\/www.radiopresidenteibanez.cl\/web\/wp-json\/wp\/v2\/posts"}],"about":[{"href":"https:\/\/www.radiopresidenteibanez.cl\/web\/wp-json\/wp\/v2\/types\/post"}],"author":[{"embeddable":true,"href":"https:\/\/www.radiopresidenteibanez.cl\/web\/wp-json\/wp\/v2\/users\/2"}],"replies":[{"embeddable":true,"href":"https:\/\/www.radiopresidenteibanez.cl\/web\/wp-json\/wp\/v2\/comments?post=393"}],"version-history":[{"count":0,"href":"https:\/\/www.radiopresidenteibanez.cl\/web\/wp-json\/wp\/v2\/posts\/393\/revisions"}],"wp:featuredmedia":[{"embeddable":true,"href":"https:\/\/www.radiopresidenteibanez.cl\/web\/wp-json\/wp\/v2\/media\/394"}],"wp:attachment":[{"href":"https:\/\/www.radiopresidenteibanez.cl\/web\/wp-json\/wp\/v2\/media?parent=393"}],"wp:term":[{"taxonomy":"category","embeddable":true,"href":"https:\/\/www.radiopresidenteibanez.cl\/web\/wp-json\/wp\/v2\/categories?post=393"},{"taxonomy":"post_tag","embeddable":true,"href":"https:\/\/www.radiopresidenteibanez.cl\/web\/wp-json\/wp\/v2\/tags?post=393"}],"curies":[{"name":"wp","href":"https:\/\/api.w.org\/{rel}","templated":true}]}}