{"id":39284,"date":"2023-04-28T17:49:00","date_gmt":"2023-04-28T20:49:00","guid":{"rendered":"https:\/\/www.radiopresidenteibanez.cl\/web\/?p=39284"},"modified":"2023-04-28T11:52:26","modified_gmt":"2023-04-28T14:52:26","slug":"subsecretaria-de-ciencia-carolina-gainza-encabezo-nutrida-agenda-territorial-en-punta-arenas","status":"publish","type":"post","link":"https:\/\/www.radiopresidenteibanez.cl\/web\/subsecretaria-de-ciencia-carolina-gainza-encabezo-nutrida-agenda-territorial-en-punta-arenas\/","title":{"rendered":"SUBSECRETARIA DE CIENCIA CAROLINA GAINZA ENCABEZO NUTRIDA AGENDA TERRITORIAL EN PUNTA ARENAS"},"content":{"rendered":"\n<p>En Punta Arenas se realiz\u00f3 el X Encuentro de Ciencia, Tecnolog\u00eda y Sociedad (CTS) Chile, donde se est\u00e1n abordando tem\u00e1ticas de inter\u00e9s nacional y regional, como el alcance del hidr\u00f3geno verde, el impacto del cambio clim\u00e1tico, el uso de las nuevas tecnolog\u00edas, entre otras. En su jornada inaugural cont\u00f3 con la presencia de la subsecretaria Carolina Gainza, quien particip\u00f3 del conversatorio \u201cProspectiva estrat\u00e9gica y estudios de futuro: una plataforma digital y sociodemogr\u00e1fica para la planificaci\u00f3n y gesti\u00f3n territorial de la regi\u00f3n\u00bb, organizado por el Centro de Estudios Regionales de la UMAG.<\/p>\n\n\n\n<p>Al respecto, la subsecretaria Gainza destac\u00f3 que este Encuentro en la ciudad de Punta Arenas es un aporte a la descentralizaci\u00f3n de la investigaci\u00f3n, enfatizando en que \u201ctener este encuentro ac\u00e1 es un hito importante, porque fomenta el intercambio y di\u00e1logo de conocimientos generados en este territorio entre las y los investigadores de distintas regiones y pa\u00edses\u201d.<\/p>\n\n\n\n<p>La autoridad tambi\u00e9n asisti\u00f3 a la firma de un acuerdo para conformar el Primer Consejo Regional de \u00c1reas Protegidas, que tendr\u00e1 como objetivo contribuir a la discusi\u00f3n y an\u00e1lisis de la aplicaci\u00f3n de planes y pol\u00edticas de desarrollo en las \u00e1reas protegidas de la Regi\u00f3n de Magallanes y de la Ant\u00e1rtica Chilena, liderado por el Ministerio de Agricultura y el Gobierno Regional, contar\u00e1 con la participaci\u00f3n del Ministerio de Ciencia, Tecnolog\u00eda, Conocimiento e Innovaci\u00f3n, otros servicios p\u00fablicos, organizaciones y actores sociales relacionados con el tema.<\/p>\n\n\n\n<p>La seremi, Ver\u00f3nica Vallejos indic\u00f3 que el despliegue de la subsecretaria en Punta Arenas reafirm\u00f3 el compromiso del ministerio por la descentralizaci\u00f3n: \u201cTuvimos un largo d\u00eda de actividades muy provechosas, escuchamos las ideas de ciencia y tecnolog\u00eda desde el nivel educativo hasta la comunidad cient\u00edfica. Quedamos con tareas pendientes que seguiremos abordando para avanzar en CTCI en la regi\u00f3n\u201d.<\/p>\n\n\n\n<p>Mientras que la subsecretaria Gainza precis\u00f3 que el Ministerio de Ciencia, Tecnolog\u00eda, Conocimiento e Innovaci\u00f3n est\u00e1 impulsando una visi\u00f3n de desarrollo que pone en el centro la reflexi\u00f3n sobre lo socio-t\u00e9cnico: \u201cNo podemos pensar el desarrollo de la ciencia y la tecnolog\u00eda separado de lo social, estos tres \u00e1mbitos se retroalimentan y, por lo tanto, tenemos una visi\u00f3n integral que nos permite abordar los desaf\u00edos de la regi\u00f3n desde una mirada integrativa y transdisciplinaria\u201d.<\/p>\n\n\n\n<p>Adem\u00e1s, la subsecretaria Carolina Gainza y la seremi Ver\u00f3nica Vallejos visitaron el Liceo Juan Bautista Contardi, donde conversaron con estudiantes y docentes sobre la importancia de estudiar carreras relacionadas a las ciencias y tecnolog\u00edas, en el marco de la celebraci\u00f3n del D\u00eda de las Ni\u00f1as en las TIC\u2019s (Tecnolog\u00edas de la Informaci\u00f3n y Comunicaci\u00f3n). Y visitaron el Centro de Estudios del Cuaternario Fuego-Patagonia y Ant\u00e1rtica (CEQUA), primer centro regional creado en el pa\u00eds (2002), que ha enfocado su estudio en los recursos naturales y los ecosistemas de la Regi\u00f3n de Magallanes y de la Ant\u00e1rtica Chilena, incluyendo el sello \u201cCiencia Social\u201d en las actividades cient\u00edficas que realiza con y para la comunidad.&nbsp;<\/p>\n","protected":false},"excerpt":{"rendered":"<p>En Punta Arenas se realiz\u00f3 el X Encuentro de Ciencia, Tecnolog\u00eda y Sociedad (CTS) Chile, donde se est\u00e1n abordando tem\u00e1ticas de inter\u00e9s nacional y regional, como el alcance del hidr\u00f3geno&#8230; <a class=\"read-more\" href=\"https:\/\/www.radiopresidenteibanez.cl\/web\/subsecretaria-de-ciencia-carolina-gainza-encabezo-nutrida-agenda-territorial-en-punta-arenas\/\">Leer m\u00e1s<\/a><\/p>\n","protected":false},"author":2,"featured_media":39285,"comment_status":"closed","ping_status":"closed","sticky":false,"template":"","format":"standard","meta":{"footnotes":""},"categories":[1],"tags":[],"class_list":["post-39284","post","type-post","status-publish","format-standard","has-post-thumbnail","hentry","category-cronica"],"_links":{"self":[{"href":"https:\/\/www.radiopresidenteibanez.cl\/web\/wp-json\/wp\/v2\/posts\/39284","targetHints":{"allow":["GET"]}}],"collection":[{"href":"https:\/\/www.radiopresidenteibanez.cl\/web\/wp-json\/wp\/v2\/posts"}],"about":[{"href":"https:\/\/www.radiopresidenteibanez.cl\/web\/wp-json\/wp\/v2\/types\/post"}],"author":[{"embeddable":true,"href":"https:\/\/www.radiopresidenteibanez.cl\/web\/wp-json\/wp\/v2\/users\/2"}],"replies":[{"embeddable":true,"href":"https:\/\/www.radiopresidenteibanez.cl\/web\/wp-json\/wp\/v2\/comments?post=39284"}],"version-history":[{"count":0,"href":"https:\/\/www.radiopresidenteibanez.cl\/web\/wp-json\/wp\/v2\/posts\/39284\/revisions"}],"wp:featuredmedia":[{"embeddable":true,"href":"https:\/\/www.radiopresidenteibanez.cl\/web\/wp-json\/wp\/v2\/media\/39285"}],"wp:attachment":[{"href":"https:\/\/www.radiopresidenteibanez.cl\/web\/wp-json\/wp\/v2\/media?parent=39284"}],"wp:term":[{"taxonomy":"category","embeddable":true,"href":"https:\/\/www.radiopresidenteibanez.cl\/web\/wp-json\/wp\/v2\/categories?post=39284"},{"taxonomy":"post_tag","embeddable":true,"href":"https:\/\/www.radiopresidenteibanez.cl\/web\/wp-json\/wp\/v2\/tags?post=39284"}],"curies":[{"name":"wp","href":"https:\/\/api.w.org\/{rel}","templated":true}]}}