{"id":39281,"date":"2023-04-28T16:43:00","date_gmt":"2023-04-28T19:43:00","guid":{"rendered":"https:\/\/www.radiopresidenteibanez.cl\/web\/?p=39281"},"modified":"2023-04-28T11:22:59","modified_gmt":"2023-04-28T14:22:59","slug":"conadi-lanza-concurso-de-difusion-cultural-para-la-region-de-magallanes-y-antartica-chilena","status":"publish","type":"post","link":"https:\/\/www.radiopresidenteibanez.cl\/web\/conadi-lanza-concurso-de-difusion-cultural-para-la-region-de-magallanes-y-antartica-chilena\/","title":{"rendered":"CONADI LANZA CONCURSO DE DIFUSION CULTURAL PARA LA REGION DE MAGALLANES Y ANTARTICA CHILENA"},"content":{"rendered":"\n<p>Esta modalidad de concurso es cien por ciento en l\u00ednea y tiene como finalidad otorgar subsidios de financiamiento para ejecutar proyectos de rescate, producci\u00f3n, difusi\u00f3n y fortalecimiento de las costumbres y tradiciones art\u00edstico-culturales de los pueblos ind\u00edgenas presentes en esta zona, ya sean muestras de arte, publicaciones, obras de teatro y\/o m\u00fasica, dise\u00f1o de textiles, libros, canto y danza, entre otras iniciativas.<\/p>\n\n\n\n<p>Este concurso p\u00fablico de CONADI est\u00e1 dirigido a las asociaciones, comunidades y personas ind\u00edgenas que se definan como artistas tradicionales y contempor\u00e1neos o cultores ind\u00edgenas del \u00e1mbito urbano y rural.<\/p>\n\n\n\n<p><strong>Fortalecer la cultura<\/strong><\/p>\n\n\n\n<p>Para la Jefa (S), de la Oficina de Asuntos Ind\u00edgenas de Punta Arenas, Mar\u00eda Ang\u00e9lica Buvinic Alvarado, es de vital importancia que \u201cpostulen a este concurso y se destaquen las obras que nuestros mismos usuarios realizan, queremos dar a conocer su trabajo y fortalecer las costumbres culturales de cada pueblo, lo que conlleva un s\u00f3lido reconocimiento a los cultores actuales y un impulso para que su conocimiento se vaya traspasando de generaci\u00f3n en generaci\u00f3n\u201d.<\/p>\n\n\n\n<p>Las dudas y consultas se pueden aclarar a trav\u00e9s del correo electr\u00f3nico <a href=\"mailto:pcaniullan@conadi.gov.cl\">pcaniullan@conadi.gov.cl<\/a> hasta el d\u00eda 19 de mayo, mientras que el plazo para postular es hasta las 23.59 horas del 26 de mayo del a\u00f1o en curso (horario de Santiago).<\/p>\n\n\n\n<p>Las bases de este concurso se encuentran disponibles en <a href=\"https:\/\/conadi.cerofilas.gob.cl\">https:\/\/conadi.cerofilas.gob.cl<\/a> y tambi\u00e9n pueden solicitarse en el correo antes indicado, as\u00ed como en la oficina de CONADI, ubicada en calle O\u00b4Higgins 631, Punta Arenas, o al WhatsApp +56966761445.<\/p>\n","protected":false},"excerpt":{"rendered":"<p>Esta modalidad de concurso es cien por ciento en l\u00ednea y tiene como finalidad otorgar subsidios de financiamiento para ejecutar proyectos de rescate, producci\u00f3n, difusi\u00f3n y fortalecimiento de las costumbres&#8230; <a class=\"read-more\" href=\"https:\/\/www.radiopresidenteibanez.cl\/web\/conadi-lanza-concurso-de-difusion-cultural-para-la-region-de-magallanes-y-antartica-chilena\/\">Leer m\u00e1s<\/a><\/p>\n","protected":false},"author":2,"featured_media":39282,"comment_status":"closed","ping_status":"closed","sticky":false,"template":"","format":"standard","meta":{"footnotes":""},"categories":[1],"tags":[],"class_list":["post-39281","post","type-post","status-publish","format-standard","has-post-thumbnail","hentry","category-cronica"],"_links":{"self":[{"href":"https:\/\/www.radiopresidenteibanez.cl\/web\/wp-json\/wp\/v2\/posts\/39281","targetHints":{"allow":["GET"]}}],"collection":[{"href":"https:\/\/www.radiopresidenteibanez.cl\/web\/wp-json\/wp\/v2\/posts"}],"about":[{"href":"https:\/\/www.radiopresidenteibanez.cl\/web\/wp-json\/wp\/v2\/types\/post"}],"author":[{"embeddable":true,"href":"https:\/\/www.radiopresidenteibanez.cl\/web\/wp-json\/wp\/v2\/users\/2"}],"replies":[{"embeddable":true,"href":"https:\/\/www.radiopresidenteibanez.cl\/web\/wp-json\/wp\/v2\/comments?post=39281"}],"version-history":[{"count":0,"href":"https:\/\/www.radiopresidenteibanez.cl\/web\/wp-json\/wp\/v2\/posts\/39281\/revisions"}],"wp:featuredmedia":[{"embeddable":true,"href":"https:\/\/www.radiopresidenteibanez.cl\/web\/wp-json\/wp\/v2\/media\/39282"}],"wp:attachment":[{"href":"https:\/\/www.radiopresidenteibanez.cl\/web\/wp-json\/wp\/v2\/media?parent=39281"}],"wp:term":[{"taxonomy":"category","embeddable":true,"href":"https:\/\/www.radiopresidenteibanez.cl\/web\/wp-json\/wp\/v2\/categories?post=39281"},{"taxonomy":"post_tag","embeddable":true,"href":"https:\/\/www.radiopresidenteibanez.cl\/web\/wp-json\/wp\/v2\/tags?post=39281"}],"curies":[{"name":"wp","href":"https:\/\/api.w.org\/{rel}","templated":true}]}}