{"id":39278,"date":"2023-04-28T15:13:00","date_gmt":"2023-04-28T18:13:00","guid":{"rendered":"https:\/\/www.radiopresidenteibanez.cl\/web\/?p=39278"},"modified":"2023-04-28T10:33:12","modified_gmt":"2023-04-28T13:33:12","slug":"alcalde-jose-gabriel-parada-entrego-cuenta-publica-2022-se-mostraron-avances-de-la-comuna-de-porvenir","status":"publish","type":"post","link":"https:\/\/www.radiopresidenteibanez.cl\/web\/alcalde-jose-gabriel-parada-entrego-cuenta-publica-2022-se-mostraron-avances-de-la-comuna-de-porvenir\/","title":{"rendered":"ALCALDE JOSE GABRIEL PARADA ENTREGO CUENTA PUBLICA 2022: \u201cSE MOSTRARON AVANCES DE LA COMUNA DE PORVENIR\u201d"},"content":{"rendered":"\n<p>El pasado 26 de abril se realiz\u00f3 una sesi\u00f3n extraordinaria del Concejo Municipal, para entregar la Cuenta P\u00fablica per\u00edodo 2022, del alcalde de Porvenir, Jos\u00e9 Gabriel Parada Aguilar, la que se desarroll\u00f3 en dependencias del Centro de Formaci\u00f3n T\u00e9cnica (CFT), y cont\u00f3 con la presencia de autoridades de gobierno, concejales, dirigentes sociales y vecinos de la capital de Tierra del Fuego.&nbsp;<\/p>\n\n\n\n<p>Cabe destacar que los principales puntos que abord\u00f3 la primera autoridad comunal; se enfocaron en los&nbsp;Proyectos Municipales, Ayuda Social, Subvenciones, Educaci\u00f3n Municipal, Actividades Municipales,&nbsp;Gesti\u00f3n Financiera,&nbsp;Fortalecimiento Municipal y Compromisos de Gesti\u00f3n.<\/p>\n\n\n\n<p>Tras el t\u00e9rmino de la ceremonia que se extendi\u00f3 por casi 40 minutos, el alcalde de Porvenir,&nbsp;Jos\u00e9 Gabriel Parada Aguilar, se mostr\u00f3 contento por la alta participaci\u00f3n ciudadana, y tambi\u00e9n que al evento hayan estado presentes autoridades regionales e instituciones.<\/p>\n\n\n\n<p>\u201cSe&nbsp;mostraron&nbsp;avances de la comuna de Porvenir, con&nbsp;proyectos y la cantidad de inversi\u00f3n p\u00fablica que se ha realizado&nbsp;entre los meses de&nbsp;enero y diciembre del a\u00f1o 2022\u201d. A su vez, el alcalde se refiri\u00f3 al \u201cplano regulador que viene con la concesi\u00f3n mar\u00edtima, el plan de gesti\u00f3n de transporte, peque\u00f1as localidades\u201d.<\/p>\n\n\n\n<p>El edil, tambi\u00e9n destac\u00f3 los proyectos municipales que tienen distintas l\u00edneas de financiamiento, \u201cpara poder cambiar el rostro a Porvenir en los pr\u00f3ximos cuatro o cinco&nbsp;a\u00f1os, no puedo dejar pasar de estar agradecidos de este Concejo Municipal, y creo que vamos a seguir trabajando de esa manera porque ellos est\u00e1n involucrados&nbsp;en el desarrollo de Porvenir\u201d, concluy\u00f3 el alcalde.<\/p>\n\n\n\n<p>En la Cuenta P\u00fablica, estuvieron presentes los concejales, Claudio Vera, Luz Maria Arrizaga, Claudia C\u00e1rcamo, Daniel Maldonado, Oscar Andrade, Carlos Soto. Como tambi\u00e9n, la Delegada Presidencial Regional Luz Berm\u00fadez, la Delegada Presidencial Provincial, Karim Fierro. El Consejero Regional por Tierra del Fuego, Rodolfo C\u00e1rdenas, representantes de Fuerza y Orden de la comuna, entre otros invitados.<\/p>\n","protected":false},"excerpt":{"rendered":"<p>El pasado 26 de abril se realiz\u00f3 una sesi\u00f3n extraordinaria del Concejo Municipal, para entregar la Cuenta P\u00fablica per\u00edodo 2022, del alcalde de Porvenir, Jos\u00e9 Gabriel Parada Aguilar, la que&#8230; <a class=\"read-more\" href=\"https:\/\/www.radiopresidenteibanez.cl\/web\/alcalde-jose-gabriel-parada-entrego-cuenta-publica-2022-se-mostraron-avances-de-la-comuna-de-porvenir\/\">Leer m\u00e1s<\/a><\/p>\n","protected":false},"author":2,"featured_media":39279,"comment_status":"closed","ping_status":"closed","sticky":false,"template":"","format":"standard","meta":{"footnotes":""},"categories":[1],"tags":[],"class_list":["post-39278","post","type-post","status-publish","format-standard","has-post-thumbnail","hentry","category-cronica"],"_links":{"self":[{"href":"https:\/\/www.radiopresidenteibanez.cl\/web\/wp-json\/wp\/v2\/posts\/39278","targetHints":{"allow":["GET"]}}],"collection":[{"href":"https:\/\/www.radiopresidenteibanez.cl\/web\/wp-json\/wp\/v2\/posts"}],"about":[{"href":"https:\/\/www.radiopresidenteibanez.cl\/web\/wp-json\/wp\/v2\/types\/post"}],"author":[{"embeddable":true,"href":"https:\/\/www.radiopresidenteibanez.cl\/web\/wp-json\/wp\/v2\/users\/2"}],"replies":[{"embeddable":true,"href":"https:\/\/www.radiopresidenteibanez.cl\/web\/wp-json\/wp\/v2\/comments?post=39278"}],"version-history":[{"count":0,"href":"https:\/\/www.radiopresidenteibanez.cl\/web\/wp-json\/wp\/v2\/posts\/39278\/revisions"}],"wp:featuredmedia":[{"embeddable":true,"href":"https:\/\/www.radiopresidenteibanez.cl\/web\/wp-json\/wp\/v2\/media\/39279"}],"wp:attachment":[{"href":"https:\/\/www.radiopresidenteibanez.cl\/web\/wp-json\/wp\/v2\/media?parent=39278"}],"wp:term":[{"taxonomy":"category","embeddable":true,"href":"https:\/\/www.radiopresidenteibanez.cl\/web\/wp-json\/wp\/v2\/categories?post=39278"},{"taxonomy":"post_tag","embeddable":true,"href":"https:\/\/www.radiopresidenteibanez.cl\/web\/wp-json\/wp\/v2\/tags?post=39278"}],"curies":[{"name":"wp","href":"https:\/\/api.w.org\/{rel}","templated":true}]}}