{"id":39275,"date":"2023-04-28T13:53:00","date_gmt":"2023-04-28T16:53:00","guid":{"rendered":"https:\/\/www.radiopresidenteibanez.cl\/web\/?p=39275"},"modified":"2023-04-28T10:26:38","modified_gmt":"2023-04-28T13:26:38","slug":"seremi-de-justicia-y-derechos-humanos-no-podemos-aceptar-retrocesos-en-materia-de-dd-hh-menos-este-ano","status":"publish","type":"post","link":"https:\/\/www.radiopresidenteibanez.cl\/web\/seremi-de-justicia-y-derechos-humanos-no-podemos-aceptar-retrocesos-en-materia-de-dd-hh-menos-este-ano\/","title":{"rendered":"SEREMI DE JUSTICIA Y DERECHOS HUMANOS: \u00abNO PODEMOS ACEPTAR RETROCESOS EN MATERIA DE DD.HH; MENOS ESTE A\u00d1O\u00bb"},"content":{"rendered":"\n<p>Este 27 de abril, la&nbsp;<a href=\"http:\/\/www.umag.cl\/\" target=\"_blank\" rel=\"noreferrer noopener\">Universidad de Magallanes<\/a>&nbsp;(UMAG), realiz\u00f3 un nuevo evento enmarcado en el aniversario n\u00famero 50 del golpe militar en Chile. En la ocasi\u00f3n, se dio a conocer la sistematizaci\u00f3n del denominado \u201c<a href=\"https:\/\/www.youtube.com\/watch?v=nY7SqCMVtzM\" target=\"_blank\" rel=\"noreferrer noopener\">Primer Encuentro Participativo de Derechos Humanos en la Regi\u00f3n de Magallanes y la Ant\u00e1rtica Chilena<\/a>\u201d, que se efectu\u00f3 en Noviembre de 2022 en la casa de estudios, y sobre el cual se funda un plan interinstitucional de Derechos Humanos en la UMAG, dise\u00f1ado a lo largo de numerosas reuniones semanales con la Secretar\u00eda Regional Ministerial de Justicia y Derechos Humanos.<\/p>\n\n\n\n<p>Al igual que el a\u00f1o pasado, asistieron principalmente organizaciones de la sociedad civil y reparticiones del Estado, interesadas en conocer&nbsp;<a href=\"https:\/\/drive.google.com\/file\/d\/1k_xVmmfzP34IsSsIrAVbMaANdNb51RhA\/view\" target=\"_blank\" rel=\"noreferrer noopener\">el diagn\u00f3stico<\/a>. \u201cLas organizaciones que participan en la promoci\u00f3n de DDHH comprenden que existe un problema en relaci\u00f3n a su definici\u00f3n, a la importancia de su rol en la sociedad, y una necesidad permanente de educaci\u00f3n. Por eso, hoy d\u00eda tomamos la primera posta, enfocada precisamente en la informaci\u00f3n\u201d, cont\u00f3 la seremi Michelle Peutat Alvarado.<\/p>\n\n\n\n<p>De esta forma, diversos servicios p\u00fablicos suscribieron un compromiso para capacitar a sus funcionarios y funcionarias en materia de DDHH, en una ruta de aprendizaje trabajada desde la Subsecretar\u00eda. Se trata de las Secretar\u00edas Regionales Ministeriales de Justicia y DDHH, Culturas, Ciencia, Mujer y Equidad de G\u00e9nero, Trabajo y Previsi\u00f3n Social, Vivienda, Obras P\u00fablicas y Desarrollo Social, adem\u00e1s de los servicios CONADI, SENAMA y FOSIS. La formaci\u00f3n contempla un m\u00f3dulo introductorio, y otro para abordar la protecci\u00f3n de las infancias, tras lo cual se medir\u00e1n los conocimientos adquiridos.<\/p>\n\n\n\n<p>La jefa de la Unidad de DDHH, Inclusi\u00f3n y Ciudadan\u00eda de la UMAG, Nicol Ahern Medina, coment\u00f3 que se va a fortalecer esa \u00e1rea en la formaci\u00f3n profesional, \u201cque en muchas de las Facultades quiz\u00e1s falta implementar\u201d, afirm\u00f3. Consultada por las pr\u00f3ximas acciones, anunci\u00f3 una Mateada Kultural de invierno, en la Facultad de Educaci\u00f3n y Ciencias Sociales, donde se presentar\u00e1 el documental&nbsp;<a href=\"https:\/\/www.elmostrador.cl\/dia\/2023\/03\/10\/documental-las-dawsonianas-fue-lanzado-en-universidad-central\/\" target=\"_blank\" rel=\"noreferrer noopener\">Dawsonianas<\/a>. De esta forma, se espera recordar el&nbsp;<a href=\"https:\/\/cedocmuseodelamemoria.cl\/wp-content\/uploads\/2020\/09\/Resistencia-cultural.-versi%C3%B3n-final.pdf\" target=\"_blank\" rel=\"noreferrer noopener\">Caf\u00e9 Kultural<\/a>, espacio de discusi\u00f3n y organizaci\u00f3n pol\u00edtica regional de la d\u00e9cada de los \u201870, que cerr\u00f3 sus puertas en 1984 despu\u00e9s de un atentado.<\/p>\n\n\n\n<p><strong>Educaci\u00f3n frente al negacionismo<\/strong><\/p>\n\n\n\n<p>En sus conclusiones, el texto presentado a la comunidad destaca que las personas participantes coinciden en que el Estado vulnera los DDHH, por acci\u00f3n u omisi\u00f3n, en \u00e1reas como la cobertura sanitaria, la falta de pol\u00edticas p\u00fablicas, el exceso en el uso de fuerza, y el trato hacia los pueblos originarios, las mujeres, las infancias y otros grupos similares.<\/p>\n\n\n\n<p>Al analizar la promoci\u00f3n de los DDHH, las y los participantes describieron sus estrategias para realizarla, principalmente, a trav\u00e9s de voluntariado, creaci\u00f3n de redes, capacitaciones, cosmovisi\u00f3n de los pueblos originarios y participaci\u00f3n activa en educaci\u00f3n, entre otros. En cuanto a la educaci\u00f3n, concluyeron que el desaf\u00edo corresponde al Estado; que no s\u00f3lo contempla estudiar contenidos sino formar personas m\u00e1s humanas, y que existe una necesidad en educar a funcionarios y funcionarias p\u00fablicas en esta materia.<\/p>\n\n\n\n<p>Consultada por la importancia que el Gobierno le est\u00e1 dando a la conmemoraci\u00f3n de los 50 a\u00f1os, Peutat asever\u00f3 que \u201cel compromiso de nuestro Presidente ha sido bastante claro desde un inicio\u201d, y aclar\u00f3 que est\u00e1n trabajando no s\u00f3lo en la organizaci\u00f3n de hitos, sino tambi\u00e9n en la defensa de la democracia. \u201cEstamos atravesando momentos pol\u00edticos donde tambi\u00e9n hay algunas voces que niegan hechos ocurridos en el pasado, que ponen en tela de juicio la defensa de los DDHH\u201d, lamenta la seremi, \u201cy nosotros no vamos a dar pie atr\u00e1s en esa materia; menos este a\u00f1o. No podemos aceptar retrocesos\u201d.<\/p>\n","protected":false},"excerpt":{"rendered":"<p>Este 27 de abril, la&nbsp;Universidad de Magallanes&nbsp;(UMAG), realiz\u00f3 un nuevo evento enmarcado en el aniversario n\u00famero 50 del golpe militar en Chile. En la ocasi\u00f3n, se dio a conocer la&#8230; <a class=\"read-more\" href=\"https:\/\/www.radiopresidenteibanez.cl\/web\/seremi-de-justicia-y-derechos-humanos-no-podemos-aceptar-retrocesos-en-materia-de-dd-hh-menos-este-ano\/\">Leer m\u00e1s<\/a><\/p>\n","protected":false},"author":2,"featured_media":39276,"comment_status":"closed","ping_status":"closed","sticky":false,"template":"","format":"standard","meta":{"footnotes":""},"categories":[1],"tags":[],"class_list":["post-39275","post","type-post","status-publish","format-standard","has-post-thumbnail","hentry","category-cronica"],"_links":{"self":[{"href":"https:\/\/www.radiopresidenteibanez.cl\/web\/wp-json\/wp\/v2\/posts\/39275","targetHints":{"allow":["GET"]}}],"collection":[{"href":"https:\/\/www.radiopresidenteibanez.cl\/web\/wp-json\/wp\/v2\/posts"}],"about":[{"href":"https:\/\/www.radiopresidenteibanez.cl\/web\/wp-json\/wp\/v2\/types\/post"}],"author":[{"embeddable":true,"href":"https:\/\/www.radiopresidenteibanez.cl\/web\/wp-json\/wp\/v2\/users\/2"}],"replies":[{"embeddable":true,"href":"https:\/\/www.radiopresidenteibanez.cl\/web\/wp-json\/wp\/v2\/comments?post=39275"}],"version-history":[{"count":0,"href":"https:\/\/www.radiopresidenteibanez.cl\/web\/wp-json\/wp\/v2\/posts\/39275\/revisions"}],"wp:featuredmedia":[{"embeddable":true,"href":"https:\/\/www.radiopresidenteibanez.cl\/web\/wp-json\/wp\/v2\/media\/39276"}],"wp:attachment":[{"href":"https:\/\/www.radiopresidenteibanez.cl\/web\/wp-json\/wp\/v2\/media?parent=39275"}],"wp:term":[{"taxonomy":"category","embeddable":true,"href":"https:\/\/www.radiopresidenteibanez.cl\/web\/wp-json\/wp\/v2\/categories?post=39275"},{"taxonomy":"post_tag","embeddable":true,"href":"https:\/\/www.radiopresidenteibanez.cl\/web\/wp-json\/wp\/v2\/tags?post=39275"}],"curies":[{"name":"wp","href":"https:\/\/api.w.org\/{rel}","templated":true}]}}