{"id":3927,"date":"2019-05-05T21:47:12","date_gmt":"2019-05-05T21:47:12","guid":{"rendered":"http:\/\/www.radiopresidenteibanez.cl\/web\/?p=3927"},"modified":"2019-05-05T21:47:51","modified_gmt":"2019-05-05T21:47:51","slug":"con-baja-participacion-se-realizo-el-segundo-conclave-politico-de-la-oposicion-en-magallanes","status":"publish","type":"post","link":"https:\/\/www.radiopresidenteibanez.cl\/web\/con-baja-participacion-se-realizo-el-segundo-conclave-politico-de-la-oposicion-en-magallanes\/","title":{"rendered":"CON BAJA PARTICIPACI\u00d3N SE REALIZ\u00d3 EL SEGUNDO C\u00d3NCLAVE POL\u00cdTICO DE LA OPOSICI\u00d3N EN MAGALLANES"},"content":{"rendered":"\n<p>Con baja participaci\u00f3n se realiz\u00f3 el segundo C\u00f3nclave Pol\u00edtico de la Oposici\u00f3n denominado \u201cAndr\u00e9s Aylwin Az\u00f3car\u201d en la regi\u00f3n de Magallanes, en la oportunidad se comenzaron a fijar lineamientos tanto para las elecciones de Gobernador como para las distintas alcald\u00edas de las comunas magall\u00e1nicas, a esto se sum\u00f3 una reflexi\u00f3n para la actual oposici\u00f3n y variadas cr\u00edticas al actual oficialismo.<\/p>\n\n\n\n<p>En la ocasi\u00f3n, las criticas hacia el Gobierno fueron debido a\nque no se ha presentado un programa de trabajo o proyectos para la Regi\u00f3n de Magallanes\ny Ant\u00e1rtica Chilena, para as\u00ed aclarar cu\u00e1l son los lineamientos a seguir a\nfavor de la comunidad. Por otra parte, comentan que los cambios de Intendentes\nmuestran el nulo inter\u00e9s que mantiene Sebasti\u00e1n Pi\u00f1era, hac\u00eda la comunidad magall\u00e1nica.<\/p>\n\n\n\n<p>El segundo encuentro estuvo marcado por la no presencia de\nrepresentantes del Frente Amplio, ante esto la presidenta regional de la Democracia\nCristiana, Eugenia Mancilla, explic\u00f3 que \u201cla idea de este encuentra era poder\ntrabajar con las personas que se sientan identificadas con la oposici\u00f3n que se\nest\u00e1 poniendo en pie en Magallanes, queremos trabajar a favor de la ciudadan\u00eda y\nque no existan m\u00e1s abusos como los que est\u00e1 realizando el gobierno\u201d.<\/p>\n\n\n\n<p>Lo que se busca realizando estos encuentros es poder a fines del 2019, entregar a la comunidad un proyecto concreto de cara a las elecciones municipales y de Gobernador, esto junto a quienes ser\u00edan los posibles candidatos a los distintos puestos de elecci\u00f3n popular.<\/p>\n\n\n\n<figure class=\"wp-block-image\"><img loading=\"lazy\" decoding=\"async\" width=\"1024\" height=\"768\" src=\"https:\/\/www.radiopresidenteibanez.cl\/web\/wp-content\/uploads\/2019\/05\/WhatsApp-Image-2019-05-04-at-15.12.30-1024x768.jpeg\" alt=\"\" class=\"wp-image-3928\" srcset=\"https:\/\/www.radiopresidenteibanez.cl\/web\/wp-content\/uploads\/2019\/05\/WhatsApp-Image-2019-05-04-at-15.12.30-1024x768.jpeg 1024w, https:\/\/www.radiopresidenteibanez.cl\/web\/wp-content\/uploads\/2019\/05\/WhatsApp-Image-2019-05-04-at-15.12.30-300x225.jpeg 300w, https:\/\/www.radiopresidenteibanez.cl\/web\/wp-content\/uploads\/2019\/05\/WhatsApp-Image-2019-05-04-at-15.12.30-768x576.jpeg 768w, https:\/\/www.radiopresidenteibanez.cl\/web\/wp-content\/uploads\/2019\/05\/WhatsApp-Image-2019-05-04-at-15.12.30.jpeg 1280w\" sizes=\"auto, (max-width: 1024px) 100vw, 1024px\" \/><\/figure>\n","protected":false},"excerpt":{"rendered":"<p>Con baja participaci\u00f3n se realiz\u00f3 el segundo C\u00f3nclave Pol\u00edtico de la Oposici\u00f3n denominado \u201cAndr\u00e9s Aylwin Az\u00f3car\u201d en la regi\u00f3n de Magallanes, en la oportunidad se comenzaron a fijar lineamientos tanto&#8230; <a class=\"read-more\" href=\"https:\/\/www.radiopresidenteibanez.cl\/web\/con-baja-participacion-se-realizo-el-segundo-conclave-politico-de-la-oposicion-en-magallanes\/\">Leer m\u00e1s<\/a><\/p>\n","protected":false},"author":2,"featured_media":3928,"comment_status":"closed","ping_status":"closed","sticky":false,"template":"","format":"standard","meta":{"footnotes":""},"categories":[5],"tags":[],"class_list":["post-3927","post","type-post","status-publish","format-standard","has-post-thumbnail","hentry","category-politica"],"_links":{"self":[{"href":"https:\/\/www.radiopresidenteibanez.cl\/web\/wp-json\/wp\/v2\/posts\/3927","targetHints":{"allow":["GET"]}}],"collection":[{"href":"https:\/\/www.radiopresidenteibanez.cl\/web\/wp-json\/wp\/v2\/posts"}],"about":[{"href":"https:\/\/www.radiopresidenteibanez.cl\/web\/wp-json\/wp\/v2\/types\/post"}],"author":[{"embeddable":true,"href":"https:\/\/www.radiopresidenteibanez.cl\/web\/wp-json\/wp\/v2\/users\/2"}],"replies":[{"embeddable":true,"href":"https:\/\/www.radiopresidenteibanez.cl\/web\/wp-json\/wp\/v2\/comments?post=3927"}],"version-history":[{"count":0,"href":"https:\/\/www.radiopresidenteibanez.cl\/web\/wp-json\/wp\/v2\/posts\/3927\/revisions"}],"wp:featuredmedia":[{"embeddable":true,"href":"https:\/\/www.radiopresidenteibanez.cl\/web\/wp-json\/wp\/v2\/media\/3928"}],"wp:attachment":[{"href":"https:\/\/www.radiopresidenteibanez.cl\/web\/wp-json\/wp\/v2\/media?parent=3927"}],"wp:term":[{"taxonomy":"category","embeddable":true,"href":"https:\/\/www.radiopresidenteibanez.cl\/web\/wp-json\/wp\/v2\/categories?post=3927"},{"taxonomy":"post_tag","embeddable":true,"href":"https:\/\/www.radiopresidenteibanez.cl\/web\/wp-json\/wp\/v2\/tags?post=3927"}],"curies":[{"name":"wp","href":"https:\/\/api.w.org\/{rel}","templated":true}]}}